{"id":9744,"date":"2023-06-07T17:01:16","date_gmt":"2023-06-07T20:01:16","guid":{"rendered":"https:\/\/jm-metropole.com.br\/site\/?p=9744"},"modified":"2023-06-07T17:01:16","modified_gmt":"2023-06-07T20:01:16","slug":"tudo-o-que-voce-precisa-saber-sobre-o-1o-guararema-jazz-blues-festival","status":"publish","type":"post","link":"https:\/\/jm-metropole.com.br\/site\/tudo-o-que-voce-precisa-saber-sobre-o-1o-guararema-jazz-blues-festival\/","title":{"rendered":"Tudo o que voc\u00ea precisa saber sobre o 1\u00ba Guararema Jazz &#038; Blues Festival"},"content":{"rendered":"<p>Com entrada gratuita, evento oferece quatro dias de shows com 15 atra\u00e7\u00f5es de prest\u00edgio e reconhecimento nacional e internacional em um ambiente agrad\u00e1vel com espa\u00e7o gastron\u00f4mico no Pau D\u2019alho<\/p>\n<p>A Prefeitura de Guararema, por meio da Secretaria Municipal de Cultura e Turismo e com apoio do Servi\u00e7o Social do Com\u00e9rcio (Sesc), d\u00e1 in\u00edcio ao 1\u00ba Guararema Jazz &amp; Blues Festival. S\u00e3o quatro dias de programa\u00e7\u00e3o musical e gastron\u00f4mica durante o feriado prolongado de Corpus Christi, com entrada gratuita, entre quinta-feira (8) e domingo), e aqui est\u00e3o as principais informa\u00e7\u00f5es sobre o evento, que re\u00fane 15 atra\u00e7\u00f5es de prest\u00edgio e reconhecimento em \u00e2mbito nacional e internacional com direito a um espa\u00e7o gastron\u00f4mico com op\u00e7\u00f5es variadas para toda a fam\u00edlia no estacionamento do Recanto do Am\u00e9rico (Pau D\u2019alho).<\/p>\n<p>&nbsp;<\/p>\n<p>Atra\u00e7\u00f5es musicais<br \/>\nNo dia 8 de junho (quinta-feira), \u00e0s 14h, quem abrir\u00e1 a programa\u00e7\u00e3o \u00e9 o Helena S\u00e1 Quarteto. Depois, \u00e0s 17h, tem Guilherme Ribeiro, com o Quinteto Garboso; Igor Prado &amp; TJR sobem ao palco \u00e0s 20h; e quem fecha o primeiro dia de shows \u00e9 a Blues Beatles, \u00e0s 21h30.<\/p>\n<p>O segundo dia do Festival, 9 de junho (sexta-feira), tem apresenta\u00e7\u00e3o do El Tiempo Trio \u00e0s 14 h; seguindo de um tributo \u00e0 Amy Winehouse com Lud Mazzucatti \u00e0s 17h; \u00e0s 20h show de Chico Pinheiro; e \u00e0s 21h30 a apresenta\u00e7\u00e3o da Princesa do Blues, a americana Laretha Weathersby.<\/p>\n<p>J\u00e1 no dia 10 (s\u00e1bado), \u00e0s 14h, quem abre as atra\u00e7\u00f5es \u00e9 o Adriano Grineberg; logo em seguida, \u00e0s 17h, \u00e9 a vez da Orquestra Brasileira de M\u00fasica Jamaicana; a noite come\u00e7a o Hamilton de Holanda Trio, \u00e0s 20h; e quem sobe ao palco em seguida \u00e9 o americano Alabama Mike &amp; The Simi Brothers, \u00e0s 21h30.<\/p>\n<p>E o dia 11 (domingo) come\u00e7a com o Billie Holiday Tributo, com Djane Borba, Hector Costita e Jazz Society Trio, \u00e0s 14h; show do cantor Tony Gordon \u00e0s 16h30; e para encerrar o 1\u00ba Guararema Jazz &amp; Blues Festival, a banda Blues Et\u00edlicos sobe ao palco \u00e0s 20h.<\/p>\n<p>Espa\u00e7o gastron\u00f4mico<br \/>\nConvidativo para um lanche, almo\u00e7o ou at\u00e9 mesmo um jantar durante todo o feriado prolongado de Corpus Christi, o espa\u00e7o gastron\u00f4mico do estacionamento do Recanto do Am\u00e9rico (Pau D\u2019alho) contar\u00e1 com sete food trucks com variadas op\u00e7\u00f5es gastron\u00f4micas para todas as idades.<\/p>\n<p>Na parte de bebidas, ser\u00e1 comercializada cerveja e chopp e tamb\u00e9m vinhos, que podem ser acompanhados de bons petiscos. J\u00e1 quem procura uma refei\u00e7\u00e3o diferenciada poder\u00e1 optar por diferentes tipos de hamb\u00farguer e por\u00e7\u00f5es, al\u00e9m de pratos da culin\u00e1ria oriental. E tem ainda churros, doces e muito mais.<\/p>\n<p>Todos os food trucks estar\u00e3o estacionados na \u00e1rea livre em frente ao palco, com mesas e cadeiras para que as fam\u00edlias possam se reunir com conforto. E haver\u00e1 tamb\u00e9m um ponto instagram\u00e1vel, para que o p\u00fablico fa\u00e7a aquela foto bacana.<\/p>\n<p>Quem pode participar<br \/>\nTodos podem participar, j\u00e1 que a entrada \u00e9 gratuita e a classifica\u00e7\u00e3o indicativa de todos os shows \u00e9 livre. O Recanto do Am\u00e9rico (Pau D\u2019alho) fica na rua Coronel Ramalho, no Centro de Guararema, e mais informa\u00e7\u00f5es est\u00e3o dispon\u00edveis no site oficial da cidade (guararema.sp.gov.br), que realiza o evento Jazz &amp; Blues Festival com apoio cultural do Servi\u00e7o Social do Com\u00e9rcio (Sesc).<\/p>\n<p>&nbsp;<\/p>\n<p>SERVI\u00c7O<br \/>\nO qu\u00ea? 1\u00ba Guararema Jazz &amp; Blues Festival<br \/>\nQuando? De 8 (quinta-feira) a 11\/06 (domingo)<br \/>\nOnde? Estacionamento do Recanto do Am\u00e9rico (Pau D&#8217;alho), na rua Coronel Ramalho https:\/\/goo.gl\/maps\/UBNnvq3vDLnEnTmu8<br \/>\nQuanto? Entrada gratuita, com classifica\u00e7\u00e3o indicativa livre<\/p>\n","protected":false},"excerpt":{"rendered":"<p>Com entrada gratuita, evento oferece quatro dias de shows com 15 atra\u00e7\u00f5es de prest\u00edgio e reconhecimento nacional e internacional em um ambiente agrad\u00e1vel com espa\u00e7o gastron\u00f4mico no Pau D\u2019alho A Prefeitura de Guararema, por meio da Secretaria Municipal de Cultura e Turismo e com apoio do Servi\u00e7o Social do Com\u00e9rcio (Sesc), d\u00e1 in\u00edcio ao 1\u00ba [&hellip;]<\/p>\n","protected":false},"author":1,"featured_media":9745,"comment_status":"open","ping_status":"open","sticky":false,"template":"","format":"standard","meta":{"footnotes":""},"categories":[8],"tags":[],"class_list":{"0":"post-9744","1":"post","2":"type-post","3":"status-publish","4":"format-standard","5":"has-post-thumbnail","7":"category-guararema"},"_links":{"self":[{"href":"https:\/\/jm-metropole.com.br\/site\/wp-json\/wp\/v2\/posts\/9744","targetHints":{"allow":["GET"]}}],"collection":[{"href":"https:\/\/jm-metropole.com.br\/site\/wp-json\/wp\/v2\/posts"}],"about":[{"href":"https:\/\/jm-metropole.com.br\/site\/wp-json\/wp\/v2\/types\/post"}],"author":[{"embeddable":true,"href":"https:\/\/jm-metropole.com.br\/site\/wp-json\/wp\/v2\/users\/1"}],"replies":[{"embeddable":true,"href":"https:\/\/jm-metropole.com.br\/site\/wp-json\/wp\/v2\/comments?post=9744"}],"version-history":[{"count":1,"href":"https:\/\/jm-metropole.com.br\/site\/wp-json\/wp\/v2\/posts\/9744\/revisions"}],"predecessor-version":[{"id":9746,"href":"https:\/\/jm-metropole.com.br\/site\/wp-json\/wp\/v2\/posts\/9744\/revisions\/9746"}],"wp:featuredmedia":[{"embeddable":true,"href":"https:\/\/jm-metropole.com.br\/site\/wp-json\/wp\/v2\/media\/9745"}],"wp:attachment":[{"href":"https:\/\/jm-metropole.com.br\/site\/wp-json\/wp\/v2\/media?parent=9744"}],"wp:term":[{"taxonomy":"category","embeddable":true,"href":"https:\/\/jm-metropole.com.br\/site\/wp-json\/wp\/v2\/categories?post=9744"},{"taxonomy":"post_tag","embeddable":true,"href":"https:\/\/jm-metropole.com.br\/site\/wp-json\/wp\/v2\/tags?post=9744"}],"curies":[{"name":"wp","href":"https:\/\/api.w.org\/{rel}","templated":true}]}}