{"id":9736,"date":"2023-06-07T15:52:37","date_gmt":"2023-06-07T18:52:37","guid":{"rendered":"https:\/\/jm-metropole.com.br\/site\/?p=9736"},"modified":"2023-06-07T15:52:37","modified_gmt":"2023-06-07T18:52:37","slug":"gcm-promove-atividades-educativas-na-semana-mundial-do-meio-ambiente","status":"publish","type":"post","link":"https:\/\/jm-metropole.com.br\/site\/gcm-promove-atividades-educativas-na-semana-mundial-do-meio-ambiente\/","title":{"rendered":"GCM promove atividades educativas na Semana Mundial do Meio Ambiente"},"content":{"rendered":"<p>O trabalho de prote\u00e7\u00e3o \u00e0 fauna e \u00e0 flora do patrulhamento ambiental da Guarda Civil Municipal (GCM) de Guarulhos foi apresentado em palestras e a\u00e7\u00f5es educativas promovidas entre o\u00a0domingo\u00a0(4) e esta\u00a0quarta-feira (7), em celebra\u00e7\u00e3o \u00e0 Semana Mundial do Meio Ambiente, que marca tamb\u00e9m o anivers\u00e1rio de 14 anos da inspetoria.<\/p>\n<p>A rotina da GCM Ambiental foi mostrada a 60 funcion\u00e1rios da empresa CDR Pedreira, em S\u00e3o Paulo, ao grupo de jovens Clube dos Desbravadores, que surpreendeu os agentes com uma visita \u00e0 sede da inspetoria, no Jardim Adriana, e no encontro \u201cLixo Zero, Melhores Pr\u00e1ticas\u201d, realizado no Adamastor.<\/p>\n<p>As apresenta\u00e7\u00f5es mostraram ao p\u00fablico como s\u00e3o promovidos os patrulhamentos preventivos e os atendimentos a ocorr\u00eancias por toda a cidade para combater infra\u00e7\u00f5es ambientais, como queimadas, descarte irregular de lixo e a derrubada de \u00e1rvores. Foram contadas tamb\u00e9m hist\u00f3rias sobre resgates de animais silvestres que marcaram a hist\u00f3ria do patrulhamento especializado.<\/p>\n<p>Desde o ano passado foram tirados de perigo 997 animais silvestres, o que inclui 337 aves, 338 mam\u00edferos e 322 r\u00e9pteis que se perderam de seus habitats naturais, eram criados para venda ilegal ou que viviam irregularmente em cativeiros. No mesmo per\u00edodo foram combatidas 17 infra\u00e7\u00f5es ao meio ambiente e tr\u00eas queimadas, al\u00e9m de inibidas diversas tentativas de desmatamento.<\/p>\n","protected":false},"excerpt":{"rendered":"<p>O trabalho de prote\u00e7\u00e3o \u00e0 fauna e \u00e0 flora do patrulhamento ambiental da Guarda Civil Municipal (GCM) de Guarulhos foi apresentado em palestras e a\u00e7\u00f5es educativas promovidas entre o\u00a0domingo\u00a0(4) e esta\u00a0quarta-feira (7), em celebra\u00e7\u00e3o \u00e0 Semana Mundial do Meio Ambiente, que marca tamb\u00e9m o anivers\u00e1rio de 14 anos da inspetoria. A rotina da GCM Ambiental [&hellip;]<\/p>\n","protected":false},"author":1,"featured_media":9737,"comment_status":"open","ping_status":"open","sticky":false,"template":"","format":"standard","meta":{"footnotes":""},"categories":[3],"tags":[],"class_list":{"0":"post-9736","1":"post","2":"type-post","3":"status-publish","4":"format-standard","5":"has-post-thumbnail","7":"category-guarulhos"},"_links":{"self":[{"href":"https:\/\/jm-metropole.com.br\/site\/wp-json\/wp\/v2\/posts\/9736","targetHints":{"allow":["GET"]}}],"collection":[{"href":"https:\/\/jm-metropole.com.br\/site\/wp-json\/wp\/v2\/posts"}],"about":[{"href":"https:\/\/jm-metropole.com.br\/site\/wp-json\/wp\/v2\/types\/post"}],"author":[{"embeddable":true,"href":"https:\/\/jm-metropole.com.br\/site\/wp-json\/wp\/v2\/users\/1"}],"replies":[{"embeddable":true,"href":"https:\/\/jm-metropole.com.br\/site\/wp-json\/wp\/v2\/comments?post=9736"}],"version-history":[{"count":1,"href":"https:\/\/jm-metropole.com.br\/site\/wp-json\/wp\/v2\/posts\/9736\/revisions"}],"predecessor-version":[{"id":9738,"href":"https:\/\/jm-metropole.com.br\/site\/wp-json\/wp\/v2\/posts\/9736\/revisions\/9738"}],"wp:featuredmedia":[{"embeddable":true,"href":"https:\/\/jm-metropole.com.br\/site\/wp-json\/wp\/v2\/media\/9737"}],"wp:attachment":[{"href":"https:\/\/jm-metropole.com.br\/site\/wp-json\/wp\/v2\/media?parent=9736"}],"wp:term":[{"taxonomy":"category","embeddable":true,"href":"https:\/\/jm-metropole.com.br\/site\/wp-json\/wp\/v2\/categories?post=9736"},{"taxonomy":"post_tag","embeddable":true,"href":"https:\/\/jm-metropole.com.br\/site\/wp-json\/wp\/v2\/tags?post=9736"}],"curies":[{"name":"wp","href":"https:\/\/api.w.org\/{rel}","templated":true}]}}