{"id":9733,"date":"2023-06-07T15:43:05","date_gmt":"2023-06-07T18:43:05","guid":{"rendered":"https:\/\/jm-metropole.com.br\/site\/?p=9733"},"modified":"2023-06-07T15:43:05","modified_gmt":"2023-06-07T18:43:05","slug":"tradicional-montagem-dos-tapetes-de-corpus-christi-acontece-amanha-em-santa-isabel","status":"publish","type":"post","link":"https:\/\/jm-metropole.com.br\/site\/tradicional-montagem-dos-tapetes-de-corpus-christi-acontece-amanha-em-santa-isabel\/","title":{"rendered":"Tradicional montagem dos tapetes de Corpus Christi acontece amanh\u00e3 em Santa Isabel"},"content":{"rendered":"<p>Amanh\u00e3 (08\/06) acontecer\u00e1 a tradicional montagem dos tapetes, na Avenida da Rep\u00fablica, em Santa Isabel!<\/p>\n<p>Participe conosco dessa manifesta\u00e7\u00e3o de f\u00e9 e cultura!<\/p>\n<p>N\u00e3o perca essa oportunidade de se conectar com a sua comunidade e aproveitar momentos inesquec\u00edveis!<\/p>\n<p>Data: 08\/06 (quinta-feira)<\/p>\n<p>Hor\u00e1rio: A partir das 06h30<\/p>\n<p>Local: Avenida da Rep\u00fablica<\/p>\n","protected":false},"excerpt":{"rendered":"<p>Amanh\u00e3 (08\/06) acontecer\u00e1 a tradicional montagem dos tapetes, na Avenida da Rep\u00fablica, em Santa Isabel! Participe conosco dessa manifesta\u00e7\u00e3o de f\u00e9 e cultura! N\u00e3o perca essa oportunidade de se conectar com a sua comunidade e aproveitar momentos inesquec\u00edveis! Data: 08\/06 (quinta-feira) Hor\u00e1rio: A partir das 06h30 Local: Avenida da Rep\u00fablica<\/p>\n","protected":false},"author":1,"featured_media":9734,"comment_status":"open","ping_status":"open","sticky":false,"template":"","format":"standard","meta":{"footnotes":""},"categories":[5],"tags":[],"class_list":{"0":"post-9733","1":"post","2":"type-post","3":"status-publish","4":"format-standard","5":"has-post-thumbnail","7":"category-santa-isabel"},"_links":{"self":[{"href":"https:\/\/jm-metropole.com.br\/site\/wp-json\/wp\/v2\/posts\/9733","targetHints":{"allow":["GET"]}}],"collection":[{"href":"https:\/\/jm-metropole.com.br\/site\/wp-json\/wp\/v2\/posts"}],"about":[{"href":"https:\/\/jm-metropole.com.br\/site\/wp-json\/wp\/v2\/types\/post"}],"author":[{"embeddable":true,"href":"https:\/\/jm-metropole.com.br\/site\/wp-json\/wp\/v2\/users\/1"}],"replies":[{"embeddable":true,"href":"https:\/\/jm-metropole.com.br\/site\/wp-json\/wp\/v2\/comments?post=9733"}],"version-history":[{"count":1,"href":"https:\/\/jm-metropole.com.br\/site\/wp-json\/wp\/v2\/posts\/9733\/revisions"}],"predecessor-version":[{"id":9735,"href":"https:\/\/jm-metropole.com.br\/site\/wp-json\/wp\/v2\/posts\/9733\/revisions\/9735"}],"wp:featuredmedia":[{"embeddable":true,"href":"https:\/\/jm-metropole.com.br\/site\/wp-json\/wp\/v2\/media\/9734"}],"wp:attachment":[{"href":"https:\/\/jm-metropole.com.br\/site\/wp-json\/wp\/v2\/media?parent=9733"}],"wp:term":[{"taxonomy":"category","embeddable":true,"href":"https:\/\/jm-metropole.com.br\/site\/wp-json\/wp\/v2\/categories?post=9733"},{"taxonomy":"post_tag","embeddable":true,"href":"https:\/\/jm-metropole.com.br\/site\/wp-json\/wp\/v2\/tags?post=9733"}],"curies":[{"name":"wp","href":"https:\/\/api.w.org\/{rel}","templated":true}]}}