{"id":9727,"date":"2023-06-07T13:31:02","date_gmt":"2023-06-07T16:31:02","guid":{"rendered":"https:\/\/jm-metropole.com.br\/site\/?p=9727"},"modified":"2023-06-07T13:31:02","modified_gmt":"2023-06-07T16:31:02","slug":"prefeitura-inaugura-vila-gastronomica-uma-minicidade-de-delicias-no-coracao-de-aruja","status":"publish","type":"post","link":"https:\/\/jm-metropole.com.br\/site\/prefeitura-inaugura-vila-gastronomica-uma-minicidade-de-delicias-no-coracao-de-aruja\/","title":{"rendered":"Prefeitura inaugura Vila Gastron\u00f4mica, uma minicidade de del\u00edcias no cora\u00e7\u00e3o de Aruj\u00e1"},"content":{"rendered":"<p>Novo ponto tur\u00edstico da Cidade acolhe 20 estabelecimentos comerciais que oferecem op\u00e7\u00f5es culin\u00e1rias diversificadas e tem estrutura pensada para atrair visitantes<\/p>\n<p>Um projeto ousado e muito charmoso acaba de criar uma minicidade de del\u00edcias no cora\u00e7\u00e3o de Aruj\u00e1. \u00c9 a Vila Gastron\u00f4mica, inaugurada pelo prefeito Luis Camargo, na noite desta ter\u00e7a-feira (06), na Vila Pedroso. A \u00e1rea de cerca de 3 mil metros quadrados foi integralmente revitalizada, com a instala\u00e7\u00e3o de pisos intertravados, lumin\u00e1rias com potente ilumina\u00e7\u00e3o em LED, paisagismo e a remodela\u00e7\u00e3o da pra\u00e7a para ampliar a \u00e1rea de conviv\u00eancia e acolher com maestria os 20 estabelecimentos comerciais locais que oferecem op\u00e7\u00f5es culin\u00e1rias diversificadas. Tudo, com a seguran\u00e7a de modernas c\u00e2meras de videomonitoramento, implantadas em pontos estrat\u00e9gicos, e Wi-fi livre.<\/p>\n<p>\u201cEstamos dando um salto qualitativo para honrar a popula\u00e7\u00e3o com um agrad\u00e1vel espa\u00e7o de lazer e para movimentar a economia arujaense, multiplicando empregos e renda proporcionados pelo incremento do turismo\u201d, sintetizou o prefeito Dr. Camargo. Assim como os comerciantes do novo espa\u00e7o \u2013 que festejaram a noite oferecendo pre\u00e7os promocionais, ele nutre grandes expectativas quanto \u00e0 amplia\u00e7\u00e3o do movimento de consumidores na Vila Gastron\u00f4mica.<\/p>\n<p>As obras foram executadas pela Prefeitura de Aruj\u00e1 com o aux\u00edlio de conv\u00eanio federal, viabilizado com recursos financeiros de emenda parlamentar do ent\u00e3o deputado federal, atual secret\u00e1rio estadual de Turismo, Roberto de Lucena, que participou da solenidade, definindo a concretiza\u00e7\u00e3o do projeto como a realiza\u00e7\u00e3o de um sonho. \u201c\u00c9 um marco hist\u00f3rico para o Alto Tiet\u00ea! Imaginei menos do que estou vendo. A gastronomia une a fam\u00edlia, une a sociedade. E este espa\u00e7o presenteia a popula\u00e7\u00e3o de Aruj\u00e1 com uma mesa magn\u00edfica de conquistas\u201d, expressou-se o representante do governo paulista, ao aplaudir Dr. Camargo e os vereadores da C\u00e2mara Municipal.<\/p>\n<p>Para garantir ainda mais comodidade aos visitantes, a Avenida Angelo Anunciato Neto, principal eixo de acesso ao rec\u00e9m-lan\u00e7ado ponto tur\u00edstico, recebeu asfaltamento em seus 600 metros de extens\u00e3o, uma ciclofaixa, ilumina\u00e7\u00e3o e demarca\u00e7\u00e3o de vagas de estacionamento, al\u00e9m da implanta\u00e7\u00e3o de acessibilidade da ponte sobre o Rio Caputera, que liga a via \u00e0 Vila Gastron\u00f4mica.<\/p>\n<p>O presidente do Legislativo arujaense, Abelzinho, ressaltou ser \u201cum orgulho trabalhar ao lado do prefeito por uma Cidade melhor\u201d. Ele aproveitou a presen\u00e7a da primeira-dama Clau Camargo, presidente do Fundo Social de Solidariedade, para conclamar a popula\u00e7\u00e3o a levar ao Ato C\u00edvico de Anivers\u00e1rio de Aruj\u00e1, marcado para \u00e0s 8 horas desta quinta-feira (08), na Pra\u00e7a do Coreto, alimentos n\u00e3o perec\u00edveis. Os itens arrecadados s\u00e3o entregues pelo \u00f3rg\u00e3o \u00e0s fam\u00edlias carentes.<\/p>\n<p>Um trabalho em sinergia das Secretarias Municipais de Obras, Turismo e Lazer, Servi\u00e7os e de Planejamento moldou o conceito do novo empreendimento arujaense, inspirado na famosa Vila Capivari, o centro gastron\u00f4mico de Campos do Jord\u00e3o. \u201cO mais importante \u00e9 ver a popula\u00e7\u00e3o feliz. \u00c9 para isto que a gente trabalha\u201d, assinalou o secret\u00e1rio de Servi\u00e7os, Rodolfo Machado, representando o secretariado municipal. A palavra \u201cempatia\u201d foi pin\u00e7ada por ele como ordem m\u00e1xima do prefeito que sempre orienta os colaboradores da Prefeitura a se colocarem no lugar do mun\u00edcipe.<\/p>\n<p>Ap\u00f3s a inaugura\u00e7\u00e3o da Vila Gastron\u00f4mica, o recado musical veio na voz impec\u00e1vel da cantora Aline Paiva e banda. O evento integra a programa\u00e7\u00e3o de anivers\u00e1rio de Aruj\u00e1 que completa na quinta-feira, dia 8, 171 anos de hist\u00f3ria e 64 anos de emancipa\u00e7\u00e3o pol\u00edtica. A agenda de festividades, constru\u00edda com o tema \u201cTempo de Conquistas, re\u00fane, al\u00e9m de eventos socioculturais e esportivos, mais de 20 entregas de obras e servi\u00e7os em diferentes \u00e1reas. \u201cOs investimentos atendem aos anseios da popula\u00e7\u00e3o arujaense, nossa principal consultora\u201d, classifica o prefeito, ao enfatizar que a atual gest\u00e3o persegue a meta de resgatar no mun\u00edcipe o \u201corgulho de ser arujaense\u201d.<\/p>\n<p>Homenagem<br \/>\nApresentada como a nova avenida da Vila Gastron\u00f4mica, a via traz o nome de um paulistano que adotou Aruj\u00e1 como sua Cidade. Filho de Cl\u00e9cia e Janu\u00e1rio Anunciato, o esportista Angelo Anunciato Neto foi ass\u00edduo jogador do Uni\u00e3o Arujaense, tendo crescido e estudado em Aruj\u00e1 onde cultivou um batalh\u00e3o de amigos. Faleceu em 1969, num tr\u00e1gico acidente automobil\u00edstico. Sua hist\u00f3ria de abnega\u00e7\u00e3o e amor \u00e0 Cidade justificam a homenagem. Representando a fam\u00edlia do homenageado, seu irm\u00e3o, Jo\u00e3o Vani, e a esposa, Lizete Anunciato, receberam flores.<\/p>\n<p>Sonho antigo<br \/>\nA ideia de implantar a Vila Gastron\u00f4mica remonta ao ano de 2015. Na \u00e9poca, o advogado Luis Camargo e um grupo de empres\u00e1rios, auxiliados pelo atual secret\u00e1rio municipal de Turismo, Renan Lucena, pediram ajuda ao ent\u00e3o deputado federal Roberto de Lucena. \u201cDr. Camargo nem era prefeito, mas sempre esteve preocupado em melhorar a qualidade de vida em Aruj\u00e1. Ouvi a proposta e achei muito interessante, com o cond\u00e3o de alavancar o turismo gastron\u00f4mico na Cidade e brindar a popula\u00e7\u00e3o com todos os benef\u00edcios que ele gera\u201d, conta o secret\u00e1rio estadual de Turismo sobre a origem da movimenta\u00e7\u00e3o para viabilizar o novo espa\u00e7o.<\/p>\n<p>Noite de alegria<br \/>\nUm totem instalado na pra\u00e7a remodelada, descerrado na noite desta ter\u00e7a-feira, batizou oficialmente a Vila Gastron\u00f4mica. Centenas de pessoas participaram da solenidade que alegrou a noite da Cidade, com o visual arrojado do novo espa\u00e7o e as expectativas positivas que ele carrega.<\/p>\n<p>Participaram do evento o vice-prefeito Betinho e sua esposa Aline Daniel; os secret\u00e1rios municipais Rog\u00e9rio Pereira (Governo), Bruno Hikari (Obras), Marco Valdanha (Planejamento), Rodolfo Machado (Servi\u00e7os), Renan Lucena (Turismo), Jos\u00e9 Carlos Santos (Desenvolvimento Econ\u00f4mico), Andreia Assis (Meio Ambiente), Caio Cesar Ara\u00fajo (Finan\u00e7as), Elaine Gentil (Educa\u00e7\u00e3o), Fabio Andr\u00e9 (Esporte), Juvenil dos Santos (Cultura), Leonardo dos Reis (Sa\u00fade), Maria Bernardo da Costa (Assist\u00eancia Social), Washington Adami (Seguran\u00e7a) e Guilherme Server (Gest\u00e3o P\u00fablica); o diretor geral Marcos Regueiro; os secret\u00e1rios adjuntos Fl\u00e1via Sanches e Marco Medeiros (Desenvolvimento), Cl\u00f3vis Hatiw Lu (Sa\u00fade), Vicente do Prado (Planejamento) e Geraldo Larini (Servi\u00e7os).<\/p>\n<p>Da C\u00e2mara Municipal de Aruj\u00e1, compareceram \u00e0 solenidade, al\u00e9m do presidente Abelzinho, os vereadores Prof\u00aa Cris do Barreto, Divinei da Silva, Gabriel, Jo\u00e3o Luiz, Luiz Fernando, Renan de Aruj\u00e1, Samoel Maia e Vin\u00edcius Pateta.<\/p>\n","protected":false},"excerpt":{"rendered":"<p>Novo ponto tur\u00edstico da Cidade acolhe 20 estabelecimentos comerciais que oferecem op\u00e7\u00f5es culin\u00e1rias diversificadas e tem estrutura pensada para atrair visitantes Um projeto ousado e muito charmoso acaba de criar uma minicidade de del\u00edcias no cora\u00e7\u00e3o de Aruj\u00e1. \u00c9 a Vila Gastron\u00f4mica, inaugurada pelo prefeito Luis Camargo, na noite desta ter\u00e7a-feira (06), na Vila Pedroso. [&hellip;]<\/p>\n","protected":false},"author":1,"featured_media":9728,"comment_status":"open","ping_status":"open","sticky":false,"template":"","format":"standard","meta":{"footnotes":""},"categories":[4],"tags":[],"class_list":{"0":"post-9727","1":"post","2":"type-post","3":"status-publish","4":"format-standard","5":"has-post-thumbnail","7":"category-aruja"},"_links":{"self":[{"href":"https:\/\/jm-metropole.com.br\/site\/wp-json\/wp\/v2\/posts\/9727","targetHints":{"allow":["GET"]}}],"collection":[{"href":"https:\/\/jm-metropole.com.br\/site\/wp-json\/wp\/v2\/posts"}],"about":[{"href":"https:\/\/jm-metropole.com.br\/site\/wp-json\/wp\/v2\/types\/post"}],"author":[{"embeddable":true,"href":"https:\/\/jm-metropole.com.br\/site\/wp-json\/wp\/v2\/users\/1"}],"replies":[{"embeddable":true,"href":"https:\/\/jm-metropole.com.br\/site\/wp-json\/wp\/v2\/comments?post=9727"}],"version-history":[{"count":1,"href":"https:\/\/jm-metropole.com.br\/site\/wp-json\/wp\/v2\/posts\/9727\/revisions"}],"predecessor-version":[{"id":9729,"href":"https:\/\/jm-metropole.com.br\/site\/wp-json\/wp\/v2\/posts\/9727\/revisions\/9729"}],"wp:featuredmedia":[{"embeddable":true,"href":"https:\/\/jm-metropole.com.br\/site\/wp-json\/wp\/v2\/media\/9728"}],"wp:attachment":[{"href":"https:\/\/jm-metropole.com.br\/site\/wp-json\/wp\/v2\/media?parent=9727"}],"wp:term":[{"taxonomy":"category","embeddable":true,"href":"https:\/\/jm-metropole.com.br\/site\/wp-json\/wp\/v2\/categories?post=9727"},{"taxonomy":"post_tag","embeddable":true,"href":"https:\/\/jm-metropole.com.br\/site\/wp-json\/wp\/v2\/tags?post=9727"}],"curies":[{"name":"wp","href":"https:\/\/api.w.org\/{rel}","templated":true}]}}