{"id":9721,"date":"2023-06-07T11:46:24","date_gmt":"2023-06-07T14:46:24","guid":{"rendered":"https:\/\/jm-metropole.com.br\/site\/?p=9721"},"modified":"2023-06-07T11:46:24","modified_gmt":"2023-06-07T14:46:24","slug":"veja-o-que-abre-e-o-que-fecha-em-guararema-no-feriado-de-corpus-christi","status":"publish","type":"post","link":"https:\/\/jm-metropole.com.br\/site\/veja-o-que-abre-e-o-que-fecha-em-guararema-no-feriado-de-corpus-christi\/","title":{"rendered":"Veja o que abre e o que fecha em Guararema no feriado de Corpus Christi"},"content":{"rendered":"<p>Servi\u00e7os essenciais est\u00e3o mantidos, pontos tur\u00edsticos funcionam normalmente e o destaque vai para os quatro dias de shows gratuitos pelo 1\u00ba Guararema Jazz &amp; Blues Festival<\/p>\n<p>Com o feriado prolongado de Corpus Christi na quinta-feira (8), a Prefeitura de Guararema divulga o que abre e o que fecha na cidade. Enquanto funcionam normalmente os pontos tur\u00edsticos e servi\u00e7os essenciais, o atendimento no Pa\u00e7o Municipal e demais reparti\u00e7\u00f5es p\u00fablicas ser\u00e1 retomado na segunda-feira (12).<\/p>\n<p>Vel\u00f3rio, cemit\u00e9rio, servi\u00e7os de urg\u00eancia como Samu (192) e Bombeiros (193) e coleta comum de lixo seguem sem altera\u00e7\u00f5es no cronograma previsto durante todo o feriado prolongado. Mas Secretarias, Unidades B\u00e1sicas de Sa\u00fade (UBS) e Rede Municipal de Ensino ter\u00e3o as atividades suspensas na quinta-feira.<\/p>\n<p>A Coleta Seletiva de Recicl\u00e1veis n\u00e3o funcionar\u00e1 em esquema de porta a porta, j\u00e1 que n\u00e3o haver\u00e1 expediente na quinta-feira. A recomenda\u00e7\u00e3o \u00e9 que a popula\u00e7\u00e3o fa\u00e7a o descarte dos materiais nos Pontos De Entrega Volunt\u00e1rios (PEVS) \u2013 a lista completa de endere\u00e7os est\u00e1 dispon\u00edvel em guararema.sp.gov.br.<\/p>\n<p>Como de costume, n\u00e3o haver\u00e1 interrup\u00e7\u00e3o no atendimento m\u00e9dico, que segue sendo realizado diariamente na Santa Casa de Miseric\u00f3rdia, na Pra\u00e7a Dr. Botelho Egas, 11.<\/p>\n<p>Por\u00e9m, conforme divulgado pela Federa\u00e7\u00e3o Brasileira de Bancos (Febraban), n\u00e3o haver\u00e1 atendimento presencial em ag\u00eancias banc\u00e1rias na quinta, ficando os pagamentos com vencimento no feriado (8) prorrogados para a sexta-feira (9), quando os bancos voltam a funcionar em hor\u00e1rio normal.<\/p>\n<p>J\u00e1 no Mercado Municipal de Guararema, que fica na esquina da Pra\u00e7a Coronel Bras\u00edlio da Fonseca com o Boulevard Major Paula Lopes, o funcionamento ser\u00e1 normal em todos os dias, ou seja: das 9 \u00e0s 18 horas na quinta, na sexta e no s\u00e1bado e das 9 \u00e0s 15 horas no domingo.<\/p>\n<p>Al\u00e9m disso, estar\u00e3o abertos ao p\u00fablico, com visita\u00e7\u00e3o gratuita, os pontos tur\u00edsticos de Guararema. Isso quer dizer que al\u00e9m do passeio em fam\u00edlia nas pra\u00e7as arborizadas da regi\u00e3o central, d\u00e1 para fazer registros nos espa\u00e7os instagram\u00e1veis do Mirante Prefeito Gerb\u00e1sio Marcelino, das 7 \u00e0s 23 horas, e do Recanto do Am\u00e9rico (Parque do Pau D\u2019Alho), que tem acesso \u00e0s ilhas liberado das 9h \u00e0s 17h30.<\/p>\n<p>\u00c9 poss\u00edvel ainda conhecer as belezas naturais e arquitet\u00f4nicas, a exemplo da Igreja Matriz, que \u00e9 s\u00edmbolo do patrim\u00f4nio da cidade, passear no Parque Municipal da Pedra Montada das 8 \u00e0s 20 horas e fazer compras no Centro Artesanal Dona Nen\u00ea, das 12 \u00e0s 18 horas na sexta, das 10 \u00e0s 19 horas no s\u00e1bado e no domingo e das 10 \u00e0s 20 horas na segunda. Mais informa\u00e7\u00f5es sobre os pontos tur\u00edsticos est\u00e3o dispon\u00edveis em guararema.sp.gov.br.<\/p>\n<p>Tamb\u00e9m est\u00e3o confirmadas todas as feiras do munic\u00edpio: feira livre no Nogueira na sexta-feira (9), Feira do Produtor Rural no s\u00e1bado (10), no Parque de Lazer Professora Deocl\u00e9sia de Almeida Mello; feira livre no Jardim Dulce no domingo (11).<\/p>\n<p>E a novidade \u00e9 que, em raz\u00e3o do feriado, a Feira Gastron\u00f4mica e Artesanal de Guararema ser\u00e1 realizada n\u00e3o apenas na sexta-feira (9) como tamb\u00e9m na quinta, no s\u00e1bado e no domingo, ou seja, em todos os dias, das 12 \u00e0s 22 horas, no Parque Deocl\u00e9sia, com variadas op\u00e7\u00f5es gastron\u00f4micas e uma s\u00e9rie de mercadorias com o \u201cSelo de Produto Artesanal\u201d, como p\u00e3es integrais, doces, pimentas e outros.<\/p>\n<p>Na quinta-feira, o transporte p\u00fablico de Guararema adotar\u00e1 hor\u00e1rios e itiner\u00e1rios de feriados. Mas na sexta-feira os hor\u00e1rios ser\u00e3o os de dias \u00fateis, apenas com a supress\u00e3o das linhas que atendem entrada e sa\u00edda de escolas. J\u00e1 no s\u00e1bado e no domingo, ser\u00e1 aplicado o esquema regular de fim de semana.<\/p>\n<p>A popula\u00e7\u00e3o pode consultar os itiner\u00e1rios completos pelo WhatsApp (11) 97365-7204, da empresa respons\u00e1vel.<\/p>\n<p>Guararema Jazz &amp; Blues Festival<br \/>\nDurante todo o per\u00edodo do feriado prolongado de Corpus Christi ser\u00e1 realizado, no estacionamento do Recanto do Am\u00e9rico (Pau D\u2019alho), o 1\u00ba Guararema Jazz &amp; Blues Festival, que tem 15 atra\u00e7\u00f5es de prest\u00edgio nacional e internacional confirmadas.<\/p>\n<p>Entre os artistas participantes est\u00e3o Hamilton de Holanda, Tony Gordon, Alabama Mike, Laretha Weathersby, Chico Pinheiro, El Tiempo Trio, Blues Et\u00edlicos, Billie Holiday Tributo, Blues Beatles e muito mais. A programa\u00e7\u00e3o completa est\u00e1 dispon\u00edvel em https:\/\/guararema.sp.gov.br\/turismo\/calendario-de-eventos\/. O evento tem entrada gratuita e conta tamb\u00e9m com espa\u00e7o gastron\u00f4mico com variadas op\u00e7\u00f5es de lanches, petiscos e bebidas.<\/p>\n<p>Encontro de Carros e Motos Antigos<br \/>\nPara entrar no clima de jazz e blues, nada melhor do que as m\u00e1quinas mais raras e cl\u00e1ssicas da regi\u00e3o. Por isso a programa\u00e7\u00e3o do feriado de Corpus Christi em Guararema inclui o Encontro de Carros e Motos Antigos, na Vila de Lu\u00eds Carlos.<\/p>\n<p>A partir das 9 horas do domingo (11), toda a infraestrutura, o charme dos carros e tamb\u00e9m os empreendimentos gastron\u00f4micos e de lazer de Lu\u00eds Carlos estar\u00e3o \u00e0 disposi\u00e7\u00e3o das fam\u00edlias e visitantes, com entrada gratuita.<\/p>\n","protected":false},"excerpt":{"rendered":"<p>Servi\u00e7os essenciais est\u00e3o mantidos, pontos tur\u00edsticos funcionam normalmente e o destaque vai para os quatro dias de shows gratuitos pelo 1\u00ba Guararema Jazz &amp; Blues Festival Com o feriado prolongado de Corpus Christi na quinta-feira (8), a Prefeitura de Guararema divulga o que abre e o que fecha na cidade. Enquanto funcionam normalmente os pontos [&hellip;]<\/p>\n","protected":false},"author":1,"featured_media":9722,"comment_status":"open","ping_status":"open","sticky":false,"template":"","format":"standard","meta":{"footnotes":""},"categories":[8],"tags":[],"class_list":{"0":"post-9721","1":"post","2":"type-post","3":"status-publish","4":"format-standard","5":"has-post-thumbnail","7":"category-guararema"},"_links":{"self":[{"href":"https:\/\/jm-metropole.com.br\/site\/wp-json\/wp\/v2\/posts\/9721","targetHints":{"allow":["GET"]}}],"collection":[{"href":"https:\/\/jm-metropole.com.br\/site\/wp-json\/wp\/v2\/posts"}],"about":[{"href":"https:\/\/jm-metropole.com.br\/site\/wp-json\/wp\/v2\/types\/post"}],"author":[{"embeddable":true,"href":"https:\/\/jm-metropole.com.br\/site\/wp-json\/wp\/v2\/users\/1"}],"replies":[{"embeddable":true,"href":"https:\/\/jm-metropole.com.br\/site\/wp-json\/wp\/v2\/comments?post=9721"}],"version-history":[{"count":1,"href":"https:\/\/jm-metropole.com.br\/site\/wp-json\/wp\/v2\/posts\/9721\/revisions"}],"predecessor-version":[{"id":9723,"href":"https:\/\/jm-metropole.com.br\/site\/wp-json\/wp\/v2\/posts\/9721\/revisions\/9723"}],"wp:featuredmedia":[{"embeddable":true,"href":"https:\/\/jm-metropole.com.br\/site\/wp-json\/wp\/v2\/media\/9722"}],"wp:attachment":[{"href":"https:\/\/jm-metropole.com.br\/site\/wp-json\/wp\/v2\/media?parent=9721"}],"wp:term":[{"taxonomy":"category","embeddable":true,"href":"https:\/\/jm-metropole.com.br\/site\/wp-json\/wp\/v2\/categories?post=9721"},{"taxonomy":"post_tag","embeddable":true,"href":"https:\/\/jm-metropole.com.br\/site\/wp-json\/wp\/v2\/tags?post=9721"}],"curies":[{"name":"wp","href":"https:\/\/api.w.org\/{rel}","templated":true}]}}