{"id":9718,"date":"2023-06-07T11:30:46","date_gmt":"2023-06-07T14:30:46","guid":{"rendered":"https:\/\/jm-metropole.com.br\/site\/?p=9718"},"modified":"2023-06-07T11:30:46","modified_gmt":"2023-06-07T14:30:46","slug":"saneamento-basico-santa-isabel-ganhara-nova-adutora-para-o-abastecimento","status":"publish","type":"post","link":"https:\/\/jm-metropole.com.br\/site\/saneamento-basico-santa-isabel-ganhara-nova-adutora-para-o-abastecimento\/","title":{"rendered":"SANEAMENTO B\u00c1SICO: SANTA ISABEL GANHAR\u00c1 NOVA ADUTORA PARA O ABASTECIMENTO"},"content":{"rendered":"<p>Obra ter\u00e1 tubos com maior di\u00e2metro e refor\u00e7ados contra vazamentos<\/p>\n<p>A Sabesp vai iniciar na pr\u00f3xima semana, as obras de remanejamento da adutora de \u00e1gua pot\u00e1vel respons\u00e1vel pelo abastecimento dos bairros Jardim Eldorado, Ac\u00e1cias, Portugal, Est\u00e2ncia Kenedy e Z\u00e9lia, Vila Nova e BNH, em Santa Isabel. Os objetivos s\u00e3o aumentar a seguran\u00e7a do abastecimento na regi\u00e3o, reduzir os riscos de vazamento e melhorar o atendimento \u00e0 popula\u00e7\u00e3o.<\/p>\n<p>A interven\u00e7\u00e3o prev\u00ea a implanta\u00e7\u00e3o de 2,1 km de tubos em ferro fundido com 250 mm de di\u00e2metro (em substitui\u00e7\u00e3o \u00e0 antiga tubula\u00e7\u00e3o de 150 mm), ligando o booster Samu, no bairro Varadouro, aos reservat\u00f3rios do Jardim Eldorado.<\/p>\n<p>Trechos das ruas Francisco P de Souza, Jos\u00e9 Bueno, Ocidente, Jos\u00e9 Menino Barbosa e da Avenida Sebasti\u00e3o Claudiano est\u00e3o inclu\u00eddos no projeto da obra e devem ser interditados, de acordo com a programa\u00e7\u00e3o dos servi\u00e7os e aprova\u00e7\u00e3o da prefeitura.<br \/>\nMais de R$ 1,5 milh\u00e3o est\u00e1 sendo investido pela Sabesp na realiza\u00e7\u00e3o dessa obra, que deve ser conclu\u00edda ainda este ano.<\/p>\n<p>NOVO RESERVAT\u00d3RIO \u2013 A Sabesp tamb\u00e9m est\u00e1 construindo um novo reservat\u00f3rio na regi\u00e3o do Jardim Eldorado, Ac\u00e1cias, Portugal, Est\u00e2ncia Kenedy e Z\u00e9lia, Vila Nova e BNH, em Santa Isabel. O novo equipamento deve entrar em funcionamento ainda no primeiro trimestre de 2024 e vai ampliar a capacidade de reserva de \u00e1gua, que atualmente \u00e9 de 900 metros c\u00fabicos, para quase 1500 m3., garantindo mais seguran\u00e7a h\u00eddrica aos moradores.<\/p>\n","protected":false},"excerpt":{"rendered":"<p>Obra ter\u00e1 tubos com maior di\u00e2metro e refor\u00e7ados contra vazamentos A Sabesp vai iniciar na pr\u00f3xima semana, as obras de remanejamento da adutora de \u00e1gua pot\u00e1vel respons\u00e1vel pelo abastecimento dos bairros Jardim Eldorado, Ac\u00e1cias, Portugal, Est\u00e2ncia Kenedy e Z\u00e9lia, Vila Nova e BNH, em Santa Isabel. Os objetivos s\u00e3o aumentar a seguran\u00e7a do abastecimento na [&hellip;]<\/p>\n","protected":false},"author":1,"featured_media":9719,"comment_status":"open","ping_status":"open","sticky":false,"template":"","format":"standard","meta":{"footnotes":""},"categories":[1],"tags":[],"class_list":{"0":"post-9718","1":"post","2":"type-post","3":"status-publish","4":"format-standard","5":"has-post-thumbnail","7":"category-tudo"},"_links":{"self":[{"href":"https:\/\/jm-metropole.com.br\/site\/wp-json\/wp\/v2\/posts\/9718","targetHints":{"allow":["GET"]}}],"collection":[{"href":"https:\/\/jm-metropole.com.br\/site\/wp-json\/wp\/v2\/posts"}],"about":[{"href":"https:\/\/jm-metropole.com.br\/site\/wp-json\/wp\/v2\/types\/post"}],"author":[{"embeddable":true,"href":"https:\/\/jm-metropole.com.br\/site\/wp-json\/wp\/v2\/users\/1"}],"replies":[{"embeddable":true,"href":"https:\/\/jm-metropole.com.br\/site\/wp-json\/wp\/v2\/comments?post=9718"}],"version-history":[{"count":1,"href":"https:\/\/jm-metropole.com.br\/site\/wp-json\/wp\/v2\/posts\/9718\/revisions"}],"predecessor-version":[{"id":9720,"href":"https:\/\/jm-metropole.com.br\/site\/wp-json\/wp\/v2\/posts\/9718\/revisions\/9720"}],"wp:featuredmedia":[{"embeddable":true,"href":"https:\/\/jm-metropole.com.br\/site\/wp-json\/wp\/v2\/media\/9719"}],"wp:attachment":[{"href":"https:\/\/jm-metropole.com.br\/site\/wp-json\/wp\/v2\/media?parent=9718"}],"wp:term":[{"taxonomy":"category","embeddable":true,"href":"https:\/\/jm-metropole.com.br\/site\/wp-json\/wp\/v2\/categories?post=9718"},{"taxonomy":"post_tag","embeddable":true,"href":"https:\/\/jm-metropole.com.br\/site\/wp-json\/wp\/v2\/tags?post=9718"}],"curies":[{"name":"wp","href":"https:\/\/api.w.org\/{rel}","templated":true}]}}