{"id":9715,"date":"2023-06-07T09:55:04","date_gmt":"2023-06-07T12:55:04","guid":{"rendered":"https:\/\/jm-metropole.com.br\/site\/?p=9715"},"modified":"2023-06-07T09:55:04","modified_gmt":"2023-06-07T12:55:04","slug":"cultura-de-itaqua-promove-consulta-publica-para-aplicacao-da-lei-paulo-gustavo","status":"publish","type":"post","link":"https:\/\/jm-metropole.com.br\/site\/cultura-de-itaqua-promove-consulta-publica-para-aplicacao-da-lei-paulo-gustavo\/","title":{"rendered":"Cultura de Itaqu\u00e1 promove consulta p\u00fablica para aplica\u00e7\u00e3o da Lei Paulo Gustavo"},"content":{"rendered":"<p>Objetivo \u00e9 aproximar artistas e mostrar como podem ser contemplados pela lei<\/p>\n<p>A Secretaria de Cultura de Itaquaquecetuba promove, at\u00e9 esta sexta-feira (9), uma consulta p\u00fablica online sobre a constru\u00e7\u00e3o do plano de a\u00e7\u00e3o da Lei Paulo Gustavo. Considerando a diversidade e a pot\u00eancia da economia criativa do munic\u00edpio, a consulta ir\u00e1 tratar, entre outras coisas, sobre as divis\u00f5es de valores e as maneiras como cada artista e fazedor de cultura pode ser acolhido pela lei.<\/p>\n<p>&#8220;A ideia \u00e9 aproximar esses profissionais, trazer para perto e detalhar sobre os processos da lei e de quais formas eles podem ser contemplados, distribui\u00e7\u00f5es e todas as regras para isso&#8221;, explicou a secret\u00e1ria de Cultura, Maria Ana Rosa.<\/p>\n<p>A pasta vem realizando, desde o \u00faltimo ano, uma s\u00e9rie de a\u00e7\u00f5es para fortalecer esses encontros. Os f\u00f3runs abertos, a elabora\u00e7\u00e3o do programa &#8220;Fala Artista&#8221; e a participa\u00e7\u00e3o ativa do Conselho Municipal de Pol\u00edticas Culturais t\u00eam sido importantes para ampliar o di\u00e1logo com os artistas da cidade.<\/p>\n<p>&#8220;Estamos desenvolvendo mecanismos de divulga\u00e7\u00e3o com toda a orienta\u00e7\u00e3o e o acolhimento necess\u00e1rio para trazer os artistas. A cidade precisa dessa aproxima\u00e7\u00e3o para fomentar a cultura local e ampliar as a\u00e7\u00f5es art\u00edsticas&#8221;, disse o prefeito Eduardo Boigues.<\/p>\n<p>Encontros<\/p>\n<p>Nesta quarta-feira (7), \u00e0s 14h, ser\u00e1 realizado o atendimento &#8220;Fala, Artista!&#8221; para o esclarecimento de d\u00favidas na sede da secretaria (avenida Vereador Jo\u00e3o Fernandes da Silva, 53 &#8211; Vila Virg\u00ednia). J\u00e1 na pr\u00f3xima segunda (12), \u00e0s 15h, ser\u00e1 promovida uma sess\u00e3o p\u00fablica presencial no mesmo local.<\/p>\n<p>Foto: Dayane Oliveira<\/p>\n","protected":false},"excerpt":{"rendered":"<p>Objetivo \u00e9 aproximar artistas e mostrar como podem ser contemplados pela lei A Secretaria de Cultura de Itaquaquecetuba promove, at\u00e9 esta sexta-feira (9), uma consulta p\u00fablica online sobre a constru\u00e7\u00e3o do plano de a\u00e7\u00e3o da Lei Paulo Gustavo. Considerando a diversidade e a pot\u00eancia da economia criativa do munic\u00edpio, a consulta ir\u00e1 tratar, entre outras [&hellip;]<\/p>\n","protected":false},"author":1,"featured_media":9716,"comment_status":"open","ping_status":"open","sticky":false,"template":"","format":"standard","meta":{"footnotes":""},"categories":[6],"tags":[],"class_list":{"0":"post-9715","1":"post","2":"type-post","3":"status-publish","4":"format-standard","5":"has-post-thumbnail","7":"category-itaqua"},"_links":{"self":[{"href":"https:\/\/jm-metropole.com.br\/site\/wp-json\/wp\/v2\/posts\/9715","targetHints":{"allow":["GET"]}}],"collection":[{"href":"https:\/\/jm-metropole.com.br\/site\/wp-json\/wp\/v2\/posts"}],"about":[{"href":"https:\/\/jm-metropole.com.br\/site\/wp-json\/wp\/v2\/types\/post"}],"author":[{"embeddable":true,"href":"https:\/\/jm-metropole.com.br\/site\/wp-json\/wp\/v2\/users\/1"}],"replies":[{"embeddable":true,"href":"https:\/\/jm-metropole.com.br\/site\/wp-json\/wp\/v2\/comments?post=9715"}],"version-history":[{"count":1,"href":"https:\/\/jm-metropole.com.br\/site\/wp-json\/wp\/v2\/posts\/9715\/revisions"}],"predecessor-version":[{"id":9717,"href":"https:\/\/jm-metropole.com.br\/site\/wp-json\/wp\/v2\/posts\/9715\/revisions\/9717"}],"wp:featuredmedia":[{"embeddable":true,"href":"https:\/\/jm-metropole.com.br\/site\/wp-json\/wp\/v2\/media\/9716"}],"wp:attachment":[{"href":"https:\/\/jm-metropole.com.br\/site\/wp-json\/wp\/v2\/media?parent=9715"}],"wp:term":[{"taxonomy":"category","embeddable":true,"href":"https:\/\/jm-metropole.com.br\/site\/wp-json\/wp\/v2\/categories?post=9715"},{"taxonomy":"post_tag","embeddable":true,"href":"https:\/\/jm-metropole.com.br\/site\/wp-json\/wp\/v2\/tags?post=9715"}],"curies":[{"name":"wp","href":"https:\/\/api.w.org\/{rel}","templated":true}]}}