{"id":9711,"date":"2023-06-07T09:49:09","date_gmt":"2023-06-07T12:49:09","guid":{"rendered":"https:\/\/jm-metropole.com.br\/site\/?p=9711"},"modified":"2023-06-07T09:54:15","modified_gmt":"2023-06-07T12:54:15","slug":"confira-o-que-abre-e-o-que-fecha-neste-feriado-de-aniversario-de-aruja-e-de-corpus-christi","status":"publish","type":"post","link":"https:\/\/jm-metropole.com.br\/site\/confira-o-que-abre-e-o-que-fecha-neste-feriado-de-aniversario-de-aruja-e-de-corpus-christi\/","title":{"rendered":"CONFIRA O QUE ABRE E O QUE FECHA NESTE FERIADO DE ANIVERS\u00c1RIO DE ARUJ\u00c1 E DE CORPUS CHRISTI"},"content":{"rendered":"<p>A Prefeitura de Aruj\u00e1 e outros departamentos da administra\u00e7\u00e3o municipal n\u00e3o ter\u00e3o expediente nesta quinta-feira (08), durante o feriado do Anivers\u00e1rio de Aruj\u00e1 e de Corpus Christi. O trabalho nas reparti\u00e7\u00f5es p\u00fablicas voltar\u00e1 ao normal na segunda-feira (12), logo pela manh\u00e3.<\/p>\n<p>A vacina\u00e7\u00e3o contra a Covid-19 ser\u00e1 retomada tamb\u00e9m na segunda-feira (12), das 8 \u00e0s 16 horas, para pessoas a partir dos 06 meses de idade, no Centro de Especialidades M\u00e9dicas (CEM) ou nas Unidades B\u00e1sicas de Sa\u00fade (UBSs).<\/p>\n<p>Vale lembrar ainda que as Unidades B\u00e1sicas de Sa\u00fade (UBSs) n\u00e3o ir\u00e3o funcionar nesta quinta e sexta-feira, mas o Pronto Atendimento Municipal (PAM) Barreto e o Pronto Atendimento (PA) Central funcionam 24 horas. Na \u00e1rea da Educa\u00e7\u00e3o, a rede municipal n\u00e3o ter\u00e1 expediente nos dias 08 e 09, retornando na segunda-feira (12).<\/p>\n<p>J\u00e1 as casas lot\u00e9ricas, bancos e Correios folgam na quinta e retornam na sexta-feira.<br \/>\nA Sabesp contar\u00e1 com o atendimento de emerg\u00eancia que estar\u00e1 dispon\u00edvel no 0800 011 9911. J\u00e1 a Elektro ter\u00e1 dispon\u00edveis apenas os servi\u00e7os de emerg\u00eancia, como manuten\u00e7\u00f5es, e podem ser contatados pelo telefone 0800 701 01 03. A coleta de lixo segue normalmente.<\/p>\n","protected":false},"excerpt":{"rendered":"<p>A Prefeitura de Aruj\u00e1 e outros departamentos da administra\u00e7\u00e3o municipal n\u00e3o ter\u00e3o expediente nesta quinta-feira (08), durante o feriado do Anivers\u00e1rio de Aruj\u00e1 e de Corpus Christi. O trabalho nas reparti\u00e7\u00f5es p\u00fablicas voltar\u00e1 ao normal na segunda-feira (12), logo pela manh\u00e3. A vacina\u00e7\u00e3o contra a Covid-19 ser\u00e1 retomada tamb\u00e9m na segunda-feira (12), das 8 \u00e0s [&hellip;]<\/p>\n","protected":false},"author":1,"featured_media":9714,"comment_status":"open","ping_status":"open","sticky":false,"template":"","format":"standard","meta":{"footnotes":""},"categories":[4],"tags":[],"class_list":{"0":"post-9711","1":"post","2":"type-post","3":"status-publish","4":"format-standard","5":"has-post-thumbnail","7":"category-aruja"},"_links":{"self":[{"href":"https:\/\/jm-metropole.com.br\/site\/wp-json\/wp\/v2\/posts\/9711","targetHints":{"allow":["GET"]}}],"collection":[{"href":"https:\/\/jm-metropole.com.br\/site\/wp-json\/wp\/v2\/posts"}],"about":[{"href":"https:\/\/jm-metropole.com.br\/site\/wp-json\/wp\/v2\/types\/post"}],"author":[{"embeddable":true,"href":"https:\/\/jm-metropole.com.br\/site\/wp-json\/wp\/v2\/users\/1"}],"replies":[{"embeddable":true,"href":"https:\/\/jm-metropole.com.br\/site\/wp-json\/wp\/v2\/comments?post=9711"}],"version-history":[{"count":1,"href":"https:\/\/jm-metropole.com.br\/site\/wp-json\/wp\/v2\/posts\/9711\/revisions"}],"predecessor-version":[{"id":9713,"href":"https:\/\/jm-metropole.com.br\/site\/wp-json\/wp\/v2\/posts\/9711\/revisions\/9713"}],"wp:featuredmedia":[{"embeddable":true,"href":"https:\/\/jm-metropole.com.br\/site\/wp-json\/wp\/v2\/media\/9714"}],"wp:attachment":[{"href":"https:\/\/jm-metropole.com.br\/site\/wp-json\/wp\/v2\/media?parent=9711"}],"wp:term":[{"taxonomy":"category","embeddable":true,"href":"https:\/\/jm-metropole.com.br\/site\/wp-json\/wp\/v2\/categories?post=9711"},{"taxonomy":"post_tag","embeddable":true,"href":"https:\/\/jm-metropole.com.br\/site\/wp-json\/wp\/v2\/tags?post=9711"}],"curies":[{"name":"wp","href":"https:\/\/api.w.org\/{rel}","templated":true}]}}