{"id":971,"date":"2022-06-20T18:15:47","date_gmt":"2022-06-20T21:15:47","guid":{"rendered":"https:\/\/jm-metropole.com.br\/site\/?p=971"},"modified":"2022-06-20T18:17:24","modified_gmt":"2022-06-20T21:17:24","slug":"justica-determina-que-empresas-de-transportes-divulguem-campanha-antirracista","status":"publish","type":"post","link":"https:\/\/jm-metropole.com.br\/site\/justica-determina-que-empresas-de-transportes-divulguem-campanha-antirracista\/","title":{"rendered":"Justi\u00e7a determina que empresas de transportes divulguem campanha antirracista"},"content":{"rendered":"<p>Depois de uma longa batalha nos tribunais, um acordo judicial entre o Sincoverg-CUT (Sindicato dos Trabalhadores Rodovi\u00e1rios no Transporte de Passageiros Urbano, Suburbano, Metropolitano, Intermunicipal e Cargas Pr\u00f3prias de Guarulhos e Aruj\u00e1 em S\u00e3o Paulo) e as empresas Vila Galv\u00e3o, Via\u00e7\u00e3o Urbana Guarulhos e Via\u00e7\u00e3o Aruj\u00e1 coloca um fim \u00e0 express\u00e3o racista \u201c\u00f4nibus negreiro\u201d. O acordo foi homologado pela ju\u00edza do Trabalho, Raquel Gabbai Oliveira.<br \/>\nPesquisadores do movimento \u201cMobilidade Antirracista\u201d classificam esse termo como racismo porque faz compara\u00e7\u00e3o aos \u201cnavios negreiros\u201d, que foram embarca\u00e7\u00f5es, usadas em 1866, que trouxeram mais de 11 milh\u00f5es de africanos para serem escravizados na Am\u00e9rica. Eles viajavam espremidos, sem condi\u00e7\u00f5es de higiene e privados da m\u00ednima dignidade humana.<br \/>\nO assessor jur\u00eddico do Sindicato, Jonadabe Rodrigues Laurindo, explica que essa primeira etapa da luta contra o racismo no transporte coletivo guarulhense foi vencida. \u201cIngressamos com a\u00e7\u00e3o judicial em 2014 pedindo que as empresas deixassem de usar a express\u00e3o negreiro nos \u00f4nibus. Perdemos em primeira inst\u00e2ncia, mas revertemos o resultado na segunda inst\u00e2ncia. A\u00ed as empresas recorreram ao TST (Tribunal Superior do Trabalho). Propusemos um acordo e a Justi\u00e7a estipulou multa R$ 100 mil para as empresas de transportes. Negociamos que esses recursos, que seriam destinados ao FAT (Fundo de Amparo ao Trabalhador), fossem usados pelas empresas em uma campanha de divulga\u00e7\u00e3o antirracista nos locais de trabalho\u201d, explica o advogado.<\/p>\n<p>Campanha antirracista nos \u00f4nibus<\/p>\n<p>A Vila Galv\u00e3o e as Via\u00e7\u00f5es Urbana Guarulhos e Aruj\u00e1 desenvolver\u00e3o uma campanha de divulga\u00e7\u00e3o antirracista que entrar\u00e1 em vigor no dia (26). Cerca de 500 \u00f4nibus que transportam na madrugada os trabalhadores e trabalhadoras do transporte p\u00fablico para o trabalho e casa exibir\u00e3o adesivos com o slogan: \u201cContra o Racismo: Aqui discrimina\u00e7\u00e3o n\u00e3o tem assento\u201d.<\/p>\n<p>Ser\u00e3o afixados cartazes no interior dos \u00f4nibus explicando para os trabalhadores e popula\u00e7\u00e3o express\u00f5es racistas que devem ser evitadas como: &#8220;A coisa est\u00e1 preta\u201d, \u201ccriado mudo\u201d, \u201cfeito nas coxas\u201d entre outras. Tamb\u00e9m ser\u00e3o divulgados v\u00eddeos, com depoimentos dos trabalhadores e trabalhadoras, nos ve\u00edculos, com a finalidade de conscientizar sobre a import\u00e2ncia de combater o racismo no dia a dia.<\/p>\n<p>Ainda segundo o acordo, as empresas realizar\u00e3o essas a\u00e7\u00f5es at\u00e9 dezembro deste ano. Em 2023, elas dever\u00e3o realizar palestras de combate ao racismo e a discrimina\u00e7\u00e3o nos eventos da SIPAT (Semana Interna de Preven\u00e7\u00e3o de Acidentes de Trabalho).<\/p>\n<p>O acordo judicial estipula multa de R$ 100 mil caso as empresas de transportes descumpram as determina\u00e7\u00f5es.<\/p>\n<p>\u201cA luta contra o racismo \u00e9 todos os dias. Vivemos em uma sociedade e pa\u00eds racista. \u00c9 nosso dever lutar independente da ra\u00e7a. Temos que ter uma sociedade onde todos tenham as mesmas oportunidades\u201d, explica o diretor da CNTTL (Confedera\u00e7\u00e3o Nacional dos Trabalhadores em Transportes e Log\u00edstica) e diretor da CUT-SP e do Sincoverg, Wagner Menezes, conhecido no movimento sindical como Marrom.<\/p>\n<p>Fonte: Viviane Barbosa &#8211; CNTTL \/ Foto ilustrativa da Campanha antirracismo nos \u00f4nibus em Guarulhos e Aruj\u00e1<\/p>\n","protected":false},"excerpt":{"rendered":"<p>Depois de uma longa batalha nos tribunais, um acordo judicial entre o Sincoverg-CUT (Sindicato dos Trabalhadores Rodovi\u00e1rios no Transporte de Passageiros Urbano, Suburbano, Metropolitano, Intermunicipal e Cargas Pr\u00f3prias de Guarulhos e Aruj\u00e1 em S\u00e3o Paulo) e as empresas Vila Galv\u00e3o, Via\u00e7\u00e3o Urbana Guarulhos e Via\u00e7\u00e3o Aruj\u00e1 coloca um fim \u00e0 express\u00e3o racista \u201c\u00f4nibus negreiro\u201d. O [&hellip;]<\/p>\n","protected":false},"author":1,"featured_media":972,"comment_status":"open","ping_status":"open","sticky":false,"template":"","format":"standard","meta":{"footnotes":""},"categories":[2],"tags":[],"class_list":{"0":"post-971","1":"post","2":"type-post","3":"status-publish","4":"format-standard","5":"has-post-thumbnail","7":"category-cidades"},"_links":{"self":[{"href":"https:\/\/jm-metropole.com.br\/site\/wp-json\/wp\/v2\/posts\/971","targetHints":{"allow":["GET"]}}],"collection":[{"href":"https:\/\/jm-metropole.com.br\/site\/wp-json\/wp\/v2\/posts"}],"about":[{"href":"https:\/\/jm-metropole.com.br\/site\/wp-json\/wp\/v2\/types\/post"}],"author":[{"embeddable":true,"href":"https:\/\/jm-metropole.com.br\/site\/wp-json\/wp\/v2\/users\/1"}],"replies":[{"embeddable":true,"href":"https:\/\/jm-metropole.com.br\/site\/wp-json\/wp\/v2\/comments?post=971"}],"version-history":[{"count":1,"href":"https:\/\/jm-metropole.com.br\/site\/wp-json\/wp\/v2\/posts\/971\/revisions"}],"predecessor-version":[{"id":973,"href":"https:\/\/jm-metropole.com.br\/site\/wp-json\/wp\/v2\/posts\/971\/revisions\/973"}],"wp:featuredmedia":[{"embeddable":true,"href":"https:\/\/jm-metropole.com.br\/site\/wp-json\/wp\/v2\/media\/972"}],"wp:attachment":[{"href":"https:\/\/jm-metropole.com.br\/site\/wp-json\/wp\/v2\/media?parent=971"}],"wp:term":[{"taxonomy":"category","embeddable":true,"href":"https:\/\/jm-metropole.com.br\/site\/wp-json\/wp\/v2\/categories?post=971"},{"taxonomy":"post_tag","embeddable":true,"href":"https:\/\/jm-metropole.com.br\/site\/wp-json\/wp\/v2\/tags?post=971"}],"curies":[{"name":"wp","href":"https:\/\/api.w.org\/{rel}","templated":true}]}}