{"id":9705,"date":"2023-06-07T07:59:21","date_gmt":"2023-06-07T10:59:21","guid":{"rendered":"https:\/\/jm-metropole.com.br\/site\/?p=9705"},"modified":"2023-06-07T07:59:21","modified_gmt":"2023-06-07T10:59:21","slug":"pau-dalho-ja-exibe-a-estrutura-do-1o-guararema-jazz-blues-festival","status":"publish","type":"post","link":"https:\/\/jm-metropole.com.br\/site\/pau-dalho-ja-exibe-a-estrutura-do-1o-guararema-jazz-blues-festival\/","title":{"rendered":"Pau D\u2019alho j\u00e1 exibe a estrutura do 1\u00ba Guararema Jazz &#038; Blues Festival"},"content":{"rendered":"<p>Evento come\u00e7ar\u00e1 nesta quinta-feira (8) e segue at\u00e9 domingo com 15 atra\u00e7\u00f5es de prest\u00edgio nacional e internacional, como Hamilton de Holanda, Chico Pinheiro, Alabama Mike, Laretha Weathersby e muitas outras<\/p>\n<p>O Recanto do Am\u00e9rico (Pau D\u2019alho) j\u00e1 est\u00e1 no clima do 1\u00ba Guararema Jazz &amp; Blues Festival, que come\u00e7a nesta quinta-feira (8). O estacionamento do local, na rua Coronel Ramalho, j\u00e1 exibe a robusta estrutura que, durante todo o feriad\u00e3o de Corpus Christi receber\u00e1 15 atra\u00e7\u00f5es de prest\u00edgio nacional e internacional, como Hamilton de Holanda, Chico Pinheiro, Alabama Mike, Laretha Weathersby e muitas outras (veja abaixo).<\/p>\n<p>Em uma \u00e1rea privilegiada da cidade, com vista para o Rio Para\u00edba do Sul, o endere\u00e7o ter\u00e1 estrutura completa, o que inclui, al\u00e9m de um palco com sistema de som e ilumina\u00e7\u00e3o de ponta, espa\u00e7o gastron\u00f4mico com food trucks que oferecer\u00e3o ao p\u00fablico op\u00e7\u00f5es variadas e de qualidade, com lanches, petiscos e bebidas.<\/p>\n<p>A montagem das estruturas teve in\u00edcio na \u00faltima semana, e agora j\u00e1 est\u00e1 na fase final. O ambiente \u00e9 pensado para receber a toda a fam\u00edlia, e por isso abra\u00e7a o p\u00fablico com conforto e seguran\u00e7a em quatro dias de festival gratuito e com classifica\u00e7\u00e3o indicativa livre.<\/p>\n<p>\u201cEstamos repetindo o bom trabalho que fizemos no \u00faltimo Cidade Natal, mas agora com uma nova proposta, que est\u00e1 incentivando a hospedagem em Guararema a partir do clima agrad\u00e1vel que s\u00f3 um festival de m\u00fasica pode proporcionar\u201d, avalia o prefeito Z\u00e9, que tem visitado regularmente a instala\u00e7\u00e3o da estrutura.<\/p>\n<p>\u201cO 1\u00ba Guararema Jazz &amp; Blues Festival \u00e9 um evento que vem para movimentar a cidade. E a estrutura est\u00e1 \u00e0 altura da programa\u00e7\u00e3o, que conta com artistas renomados e foi pensada para colocar a cidade no circuito de grandes eventos\u201d, define o secret\u00e1rio municipal de Cultura e Turismo, Mateus Sartori.<\/p>\n<p>Confira as atra\u00e7\u00f5es<br \/>\nNo dia 8 de junho (quinta-feira), \u00e0s 14h, quem abrir\u00e1 a programa\u00e7\u00e3o \u00e9 o Helena S\u00e1 Quarteto. Depois, \u00e0s 17h, tem Guilherme Ribeiro, com o Quinteto Garboso; Igor Prado &amp; TJR sobem ao palco \u00e0s 20h; e quem fecha o primeiro dia de shows \u00e9 a Blues Beatles, \u00e0s 21h30.<\/p>\n<p>O segundo dia do Festival, 9 de junho (sexta-feira), tem apresenta\u00e7\u00e3o do El Tiempo Trio \u00e0s 14 h; seguindo de um tributo \u00e0 Amy Winehouse com Lud Mazzucatti \u00e0s 17h; \u00e0s 20h show de Chico Pinheiro; e \u00e0s 21h30 a apresenta\u00e7\u00e3o da Princesa do Blues, a americana Laretha Weathersby.<\/p>\n<p>J\u00e1 no dia 10 (s\u00e1bado), \u00e0s 14h, quem abre as atra\u00e7\u00f5es \u00e9 o Adriano Grineberg; logo em seguida, \u00e0s 17h, \u00e9 a vez da Orquestra Brasileira de M\u00fasica Jamaicana; a noite come\u00e7a o Hamilton de Holanda Trio, \u00e0s 20h; e quem sobe ao palco em seguida \u00e9 o americano Alabama Mike &amp; The Simi Brothers, \u00e0s 21h30.<\/p>\n<p>E o dia 11 (domingo) come\u00e7a com o Billie Holiday Tributo, com Djane Borba, Hector Costita e Jazz Society Trio, \u00e0s 14h; show do cantor Tony Gordon \u00e0s 16h30; e para encerrar o 1\u00ba Guararema Jazz &amp; Blues Festival, a banda Blues Et\u00edlicos sobe ao palco \u00e0s 21h.<\/p>\n<p>Vale lembrar que todos os shows s\u00e3o gratuitos e de classifica\u00e7\u00e3o livre. Mais informa\u00e7\u00f5es est\u00e3o dispon\u00edveis no site oficial da Prefeitura de Guararema, (guararema.sp.gov.br), que realiza o Guararema Jazz &amp; Blues Festival com apoio cultural do Servi\u00e7o Social do Com\u00e9rcio (Sesc).<\/p>\n","protected":false},"excerpt":{"rendered":"<p>Evento come\u00e7ar\u00e1 nesta quinta-feira (8) e segue at\u00e9 domingo com 15 atra\u00e7\u00f5es de prest\u00edgio nacional e internacional, como Hamilton de Holanda, Chico Pinheiro, Alabama Mike, Laretha Weathersby e muitas outras O Recanto do Am\u00e9rico (Pau D\u2019alho) j\u00e1 est\u00e1 no clima do 1\u00ba Guararema Jazz &amp; Blues Festival, que come\u00e7a nesta quinta-feira (8). O estacionamento do [&hellip;]<\/p>\n","protected":false},"author":1,"featured_media":9706,"comment_status":"open","ping_status":"open","sticky":false,"template":"","format":"standard","meta":{"footnotes":""},"categories":[8],"tags":[],"class_list":{"0":"post-9705","1":"post","2":"type-post","3":"status-publish","4":"format-standard","5":"has-post-thumbnail","7":"category-guararema"},"_links":{"self":[{"href":"https:\/\/jm-metropole.com.br\/site\/wp-json\/wp\/v2\/posts\/9705","targetHints":{"allow":["GET"]}}],"collection":[{"href":"https:\/\/jm-metropole.com.br\/site\/wp-json\/wp\/v2\/posts"}],"about":[{"href":"https:\/\/jm-metropole.com.br\/site\/wp-json\/wp\/v2\/types\/post"}],"author":[{"embeddable":true,"href":"https:\/\/jm-metropole.com.br\/site\/wp-json\/wp\/v2\/users\/1"}],"replies":[{"embeddable":true,"href":"https:\/\/jm-metropole.com.br\/site\/wp-json\/wp\/v2\/comments?post=9705"}],"version-history":[{"count":1,"href":"https:\/\/jm-metropole.com.br\/site\/wp-json\/wp\/v2\/posts\/9705\/revisions"}],"predecessor-version":[{"id":9707,"href":"https:\/\/jm-metropole.com.br\/site\/wp-json\/wp\/v2\/posts\/9705\/revisions\/9707"}],"wp:featuredmedia":[{"embeddable":true,"href":"https:\/\/jm-metropole.com.br\/site\/wp-json\/wp\/v2\/media\/9706"}],"wp:attachment":[{"href":"https:\/\/jm-metropole.com.br\/site\/wp-json\/wp\/v2\/media?parent=9705"}],"wp:term":[{"taxonomy":"category","embeddable":true,"href":"https:\/\/jm-metropole.com.br\/site\/wp-json\/wp\/v2\/categories?post=9705"},{"taxonomy":"post_tag","embeddable":true,"href":"https:\/\/jm-metropole.com.br\/site\/wp-json\/wp\/v2\/tags?post=9705"}],"curies":[{"name":"wp","href":"https:\/\/api.w.org\/{rel}","templated":true}]}}