{"id":9702,"date":"2023-06-07T07:54:54","date_gmt":"2023-06-07T10:54:54","guid":{"rendered":"https:\/\/jm-metropole.com.br\/site\/?p=9702"},"modified":"2023-06-07T08:00:35","modified_gmt":"2023-06-07T11:00:35","slug":"orquestra-municipal-de-santa-isabel-e-convidada-a-se-apresentar-em-aruja","status":"publish","type":"post","link":"https:\/\/jm-metropole.com.br\/site\/orquestra-municipal-de-santa-isabel-e-convidada-a-se-apresentar-em-aruja\/","title":{"rendered":"ORQUESTRA MUNICIPAL DE SANTA ISABEL \u00c9 CONVIDADA A SE APRESENTAR EM ARUJ\u00c1"},"content":{"rendered":"<p>No \u00faltimo s\u00e1bado (03\/06), a Orquestra Municipal de Santa Isabel participou do Desfile Ecol\u00f3gico, realizado em Aruj\u00e1. O grupo isabelense foi convidado a participar do evento ao lado atra\u00e7\u00f5es como fanfarras de munic\u00edpios vizinhos, como Santa Isabel e Itaquaquecetuba, al\u00e9m da Banda da Pol\u00edcia Militar de fanfarra, a Fama, de Atibaia.<\/p>\n<p>No repert\u00f3rio apresentado se destacaram as m\u00fasicas de nomes como Mar\u00edlia Mendon\u00e7a, Ozzy Osbourne e Dua Lipa, interpretadas por 90 membros do grupo. O corpo core\u00f3grafo tamb\u00e9m foi destaque na Pra\u00e7a do Coreto. Centenas de pessoas acompanharam a apresenta\u00e7\u00e3o, que durou cerca de trinta minutos.<\/p>\n<p>O prefeito Dr. Carlos Chinchilla acompanhou a apresenta\u00e7\u00e3o e elogiou a desenvoltura da Orquestra Municipal de Santa Isabel: \u201cNossa orquestra \u00e9 um grande orgulho para n\u00f3s. Fico feliz cada vez que os vejo brilhar tamb\u00e9m fora de nossa cidade\u201d, diz.<\/p>\n","protected":false},"excerpt":{"rendered":"<p>No \u00faltimo s\u00e1bado (03\/06), a Orquestra Municipal de Santa Isabel participou do Desfile Ecol\u00f3gico, realizado em Aruj\u00e1. O grupo isabelense foi convidado a participar do evento ao lado atra\u00e7\u00f5es como fanfarras de munic\u00edpios vizinhos, como Santa Isabel e Itaquaquecetuba, al\u00e9m da Banda da Pol\u00edcia Militar de fanfarra, a Fama, de Atibaia. No repert\u00f3rio apresentado se [&hellip;]<\/p>\n","protected":false},"author":1,"featured_media":9703,"comment_status":"open","ping_status":"open","sticky":false,"template":"","format":"standard","meta":{"footnotes":""},"categories":[4],"tags":[],"class_list":{"0":"post-9702","1":"post","2":"type-post","3":"status-publish","4":"format-standard","5":"has-post-thumbnail","7":"category-aruja"},"_links":{"self":[{"href":"https:\/\/jm-metropole.com.br\/site\/wp-json\/wp\/v2\/posts\/9702","targetHints":{"allow":["GET"]}}],"collection":[{"href":"https:\/\/jm-metropole.com.br\/site\/wp-json\/wp\/v2\/posts"}],"about":[{"href":"https:\/\/jm-metropole.com.br\/site\/wp-json\/wp\/v2\/types\/post"}],"author":[{"embeddable":true,"href":"https:\/\/jm-metropole.com.br\/site\/wp-json\/wp\/v2\/users\/1"}],"replies":[{"embeddable":true,"href":"https:\/\/jm-metropole.com.br\/site\/wp-json\/wp\/v2\/comments?post=9702"}],"version-history":[{"count":1,"href":"https:\/\/jm-metropole.com.br\/site\/wp-json\/wp\/v2\/posts\/9702\/revisions"}],"predecessor-version":[{"id":9704,"href":"https:\/\/jm-metropole.com.br\/site\/wp-json\/wp\/v2\/posts\/9702\/revisions\/9704"}],"wp:featuredmedia":[{"embeddable":true,"href":"https:\/\/jm-metropole.com.br\/site\/wp-json\/wp\/v2\/media\/9703"}],"wp:attachment":[{"href":"https:\/\/jm-metropole.com.br\/site\/wp-json\/wp\/v2\/media?parent=9702"}],"wp:term":[{"taxonomy":"category","embeddable":true,"href":"https:\/\/jm-metropole.com.br\/site\/wp-json\/wp\/v2\/categories?post=9702"},{"taxonomy":"post_tag","embeddable":true,"href":"https:\/\/jm-metropole.com.br\/site\/wp-json\/wp\/v2\/tags?post=9702"}],"curies":[{"name":"wp","href":"https:\/\/api.w.org\/{rel}","templated":true}]}}