{"id":9683,"date":"2023-06-05T15:37:51","date_gmt":"2023-06-05T18:37:51","guid":{"rendered":"https:\/\/jm-metropole.com.br\/site\/?p=9683"},"modified":"2023-06-05T15:37:51","modified_gmt":"2023-06-05T18:37:51","slug":"1-desfile-ecologico-de-aruja-inspira-boas-condutas-ambientais","status":"publish","type":"post","link":"https:\/\/jm-metropole.com.br\/site\/1-desfile-ecologico-de-aruja-inspira-boas-condutas-ambientais\/","title":{"rendered":"1\u00b0 DESFILE ECOL\u00d3GICO DE ARUJ\u00c1 INSPIRA BOAS CONDUTAS AMBIENTAIS"},"content":{"rendered":"<p>Veio das crian\u00e7as e jovens de Aruj\u00e1 as melhores li\u00e7\u00f5es para o conv\u00edvio harmonioso com o meio ambiente, pautado pela preserva\u00e7\u00e3o ambiental e pelo uso consciente dos recursos naturais. Iniciativa da Prefeitura de Aruj\u00e1, sob a coordena\u00e7\u00e3o da Secretaria de Meio Ambiente, em parceria com a C\u00e2mara Municipal, o Desfile Ecol\u00f3gico deste domingo (04), na Pra\u00e7a do Coreto, fez muito mais do que encantar com cores, m\u00fasica e inova\u00e7\u00e3o. O evento, que antecede o Dia Mundial do Meio Ambiente comemorado neste dia 5 de junho (segunda-feira), inspirou boas condutas ambientais, honrando a cataloga\u00e7\u00e3o de Aruj\u00e1 como \u201cCidade Natureza\u201d.<\/p>\n<p>Tamb\u00e9m parte das festividades do Anivers\u00e1rio da Cidade, o evento surpreendeu com a Ecofanfarra de Aruj\u00e1, que encheu o espa\u00e7o com a m\u00fasica extra\u00edda por alunos da Escola Municipal Zilda Arns Neumann de instrumentos produzidos com material recicl\u00e1vel, sob a reg\u00eancia do maestro Ulisses Pedroso. O fim dos desperd\u00edcios, o consumo consciente, o descarte adequado do lixo, a sustentabilidade e tantos outros conceitos de preserva\u00e7\u00e3o desfilaram junto com alunos de gin\u00e1stica da rede municipal, vestindo fantasias ambientais. A Corte do Miss Aruj\u00e1, acompanhada de Luiz Emidio, usou figurinos confeccionados com itens recicl\u00e1veis, assim como a secret\u00e1ria do Meio Ambiente de Aruj\u00e1, Andreia Assis. Ali\u00e1s, algumas fantasias apresentadas no evento foram assinadas pelo estilista William Malagres.<\/p>\n<p>O evento teve ainda apresenta\u00e7\u00f5es dos Escoteiros da Cidade e da Guarda Mirim, al\u00e9m de atra\u00e7\u00f5es de outros munic\u00edpios, como as renomadas Fanfarra Municipal de Atibaia (Fama), a Banda Marcial de Itaqu\u00e1 da Escola Estadual &#8220;Kakonosuke Hasegawa&#8221;, a Banda Sinf\u00f4nica da Pol\u00edcia Militar Estadual e a Orquestra Municipal de Santa Isabel. Houve ainda desfile da banda da Pol\u00edcia Militar, de viaturas da Pol\u00edcia Ambiental da PM e da Patrulha Ambiental da Secretaria do Meio Ambiente de Aruj\u00e1, da Guarda Civil Municipal (GCM) e do Departamento de Tr\u00e2nsito do Munic\u00edpio, do Corpo de Bombeiros e tamb\u00e9m da Cooperativa de Reciclagem de Aruj\u00e1 (CORA), parceira da Prefeitura e que levou seu caminh\u00e3o de coleta de material recicl\u00e1vel \u00e0 rua Monteiro Lobato, pr\u00f3xima \u00e0 Pra\u00e7a do Coreto, na \u00e1rea central, onde aconteceram as apresenta\u00e7\u00f5es.<\/p>\n<p>O concurso de fantasias feitas de material recicl\u00e1vel foi disputado pelos cerca de 100 alunos das Escolas Municipais (EMs) \u201cMarisa Aparecida Pendeza\u201d (3\u00b0 lugar), \u201cZilda Arns Neumann\u201d (2\u00b0 lugar) e dos Centros de Conviv\u00eancia da Crian\u00e7a e do Adolescente (CCCA) do Barreto e do Mirante, que participaram dos desfiles. Os CCCAs conquistaram o primeiro lugar, avaliados por um corpo especial de jurados, com o tema \u201cLixo e Reciclagem Futur\u00edstica\u201d.<\/p>\n<p>Durante o evento, os cerca de 2 mil espectadores tamb\u00e9m tiveram acesso aos estandes com atividades de Educa\u00e7\u00e3o Ambiental e \u00e0s Feiras Sustent\u00e1vel e do Microempreendedor, das Secretarias Municipais de Meio Ambiente e de Desenvolvimento Econ\u00f4mico. A dupla Aliny e S\u00e9rgio fechou a programa\u00e7\u00e3o com sucesso.<\/p>\n<p>Prestigiado pelo prefeito Luis Camargo, pela primeira-dama Clau Camargo, pelo vice-prefeito Betinho, por secret\u00e1rios municipais como a idealizadora do evento Andreia Assis (Meio Ambiente), Elaine Gentil (Educa\u00e7\u00e3o), Rog\u00e9rio da Padaria (Governo), Jo\u00e3o Rom\u00e3o (representando a Secretaria Municipal de Habita\u00e7\u00e3o), Leonardo Reis (Sa\u00fade), Renan Lucena (Turismo) e pelos vereadores Abelzinho, Divinei da Silva, Pastor Samoel Maia, Jean da Padaria, Jo\u00e3o Luiz, Reynaldinho e Cris do Barreto, o Desfile Ecol\u00f3gico sensibilizou o p\u00fablico para a urg\u00eancia de mudar atitudes pela sobreviv\u00eancia humana no planeta. Aruj\u00e1 recebeu ainda, no desfile, a presen\u00e7a do prefeito de Santa Isabel Carlos Chinchilla e do vereador Jorginho Capoeira, tamb\u00e9m do munic\u00edpio vizinho. De secret\u00e1rios-adjuntos de Aruj\u00e1 compareceram Flavia Sanches e Marco Medeiros, ambos do Desenvolvimento Econ\u00f4mico, Bolinha de Esportes, Kiciana Mayo (Assuntos Jur\u00eddicos), Bruno do Prado e Juan Torres (Educa\u00e7\u00e3o). Tamb\u00e9m representaram outras pastas Ad\u00e3o Vagner (Assist\u00eancia Social), Pedro Bento (Cultura), Sara Dourado (Fundo Social de Solidariedade) e Caio Mello (Meio Ambiente). C\u00e1ssio de Oliveira, consultor do Programa Munic\u00edpio Verde Azul de Aruj\u00e1 (PMVA) atuou na coordena\u00e7\u00e3o dos desfiles, que teve como ponto alto a energia da bateria da escola de samba de S\u00e3o Paulo, Barroca da Zona Sul.<\/p>\n<p>O prefeito Dr Camargo parabenizou a todos e agradeceu a participa\u00e7\u00e3o das bandas e grupos de cidades vizinhas e regi\u00e3o. Ele enalteceu o resgate do t\u00edtulo de Cidade Natureza e do orgulho de ser arujaense e lembrou que Aruj\u00e1 vive \u201ctempos de conquista\u201d.<br \/>\nEm breve, ser\u00e1, inclusive, inaugurado um Ecoponto (Ponto de Entrega Volunt\u00e1ria &#8211; PEV) no Parque Rodrigo Barreto, que vem somar diversas a\u00e7\u00f5es na preserva\u00e7\u00e3o do meio ambiente, realizadas pela atual gest\u00e3o, como a inaugura\u00e7\u00e3o da Loja Vale Reciclar, que j\u00e1 coletou mais de 40 toneladas de material recicl\u00e1vel em parceria com a CORA, desde o in\u00edcio do seu funcionamento, al\u00e9m da entrega do caminh\u00e3o para a coleta seletiva dos cooperados e da viatura da Patrulha Ambiental da Secretaria do Meio Ambiente. \u201cAinda h\u00e1 muito por fazer, mas Aruj\u00e1 est\u00e1, felizmente, caminhando rumo ao progresso e de cara nova. S\u00e3o tempos de conquistas\u201d, pontuou o prefeito.<\/p>\n","protected":false},"excerpt":{"rendered":"<p>Veio das crian\u00e7as e jovens de Aruj\u00e1 as melhores li\u00e7\u00f5es para o conv\u00edvio harmonioso com o meio ambiente, pautado pela preserva\u00e7\u00e3o ambiental e pelo uso consciente dos recursos naturais. Iniciativa da Prefeitura de Aruj\u00e1, sob a coordena\u00e7\u00e3o da Secretaria de Meio Ambiente, em parceria com a C\u00e2mara Municipal, o Desfile Ecol\u00f3gico deste domingo (04), na [&hellip;]<\/p>\n","protected":false},"author":1,"featured_media":9684,"comment_status":"open","ping_status":"open","sticky":false,"template":"","format":"standard","meta":{"footnotes":""},"categories":[4],"tags":[],"class_list":{"0":"post-9683","1":"post","2":"type-post","3":"status-publish","4":"format-standard","5":"has-post-thumbnail","7":"category-aruja"},"_links":{"self":[{"href":"https:\/\/jm-metropole.com.br\/site\/wp-json\/wp\/v2\/posts\/9683","targetHints":{"allow":["GET"]}}],"collection":[{"href":"https:\/\/jm-metropole.com.br\/site\/wp-json\/wp\/v2\/posts"}],"about":[{"href":"https:\/\/jm-metropole.com.br\/site\/wp-json\/wp\/v2\/types\/post"}],"author":[{"embeddable":true,"href":"https:\/\/jm-metropole.com.br\/site\/wp-json\/wp\/v2\/users\/1"}],"replies":[{"embeddable":true,"href":"https:\/\/jm-metropole.com.br\/site\/wp-json\/wp\/v2\/comments?post=9683"}],"version-history":[{"count":1,"href":"https:\/\/jm-metropole.com.br\/site\/wp-json\/wp\/v2\/posts\/9683\/revisions"}],"predecessor-version":[{"id":9685,"href":"https:\/\/jm-metropole.com.br\/site\/wp-json\/wp\/v2\/posts\/9683\/revisions\/9685"}],"wp:featuredmedia":[{"embeddable":true,"href":"https:\/\/jm-metropole.com.br\/site\/wp-json\/wp\/v2\/media\/9684"}],"wp:attachment":[{"href":"https:\/\/jm-metropole.com.br\/site\/wp-json\/wp\/v2\/media?parent=9683"}],"wp:term":[{"taxonomy":"category","embeddable":true,"href":"https:\/\/jm-metropole.com.br\/site\/wp-json\/wp\/v2\/categories?post=9683"},{"taxonomy":"post_tag","embeddable":true,"href":"https:\/\/jm-metropole.com.br\/site\/wp-json\/wp\/v2\/tags?post=9683"}],"curies":[{"name":"wp","href":"https:\/\/api.w.org\/{rel}","templated":true}]}}