{"id":9680,"date":"2023-06-05T15:18:34","date_gmt":"2023-06-05T18:18:34","guid":{"rendered":"https:\/\/jm-metropole.com.br\/site\/?p=9680"},"modified":"2023-06-05T15:18:34","modified_gmt":"2023-06-05T18:18:34","slug":"programacao-do-encontro-lixo-zero-melhores-praticas-marca-os-7-anos-do-projeto-em-guarulhos","status":"publish","type":"post","link":"https:\/\/jm-metropole.com.br\/site\/programacao-do-encontro-lixo-zero-melhores-praticas-marca-os-7-anos-do-projeto-em-guarulhos\/","title":{"rendered":"Programa\u00e7\u00e3o do Encontro Lixo Zero Melhores Pr\u00e1ticas marca os 7 anos do projeto em Guarulhos"},"content":{"rendered":"<p>Com m\u00fasicas e um jogral apresentados por estudantes da Escola da Prefeitura de Guarulhos Celso Furtado, come\u00e7ou nesta\u00a0segunda-feira (5), Dia Internacional do Meio Ambiente, o Encontro Lixo Zero Guarulhos Melhores Pr\u00e1ticas no Centro Municipal de Educa\u00e7\u00e3o Adamastor, no Macedo.\u00a0O evento, que tamb\u00e9m marca os sete anos do in\u00edcio do programa Lixo Zero Guarulhos, objetiva dar visibilidade a a\u00e7\u00f5es de educa\u00e7\u00e3o ambiental formais e n\u00e3o formais, de re\u00faso, de reciclagem, de compostagem e de agricultura urbana, bem como apoiar e valorizar empreendedores socioambientais.<\/p>\n<p>O secret\u00e1rio de Servi\u00e7os P\u00fablicos, Rodnei Minelli, falou sobre a import\u00e2ncia do evento. \u201cS\u00e3o sete anos em que a nossa cidade reaproveita boa parte do que at\u00e9 h\u00e1 pouco tempo cham\u00e1vamos de lixo. Nesse per\u00edodo aprendemos que, com o potencial que os res\u00edduos t\u00eam, podemos fazer grandes coisas e alcan\u00e7ar resultados importantes para o desenvolvimento sustent\u00e1vel de Guarulhos, muitos dos quais ser\u00e3o apresentados entre\u00a0hoje\u00a0e amanh\u00e3 para que sejam conhecidos e replicados\u201d, afirmou o gestor.<br \/>\nPor sua vez, representando o prefeito Guti, o vice-prefeito Professor Jesus enalteceu o trabalho desenvolvido pela administra\u00e7\u00e3o na quest\u00e3o ambiental. &#8220;Numa data como esta, temos orgulho de dizer que estamos colaborando muito para a preserva\u00e7\u00e3o do meio ambiente com diversas iniciativas, como o programa Lixo Zero, a implanta\u00e7\u00e3o da coleta seletiva em toda a cidade, o plantio de \u00e1rvores, entre outras a\u00e7\u00f5es&#8221;. No evento, a C\u00e2mara Municipal esteve representada por seu presidente, Ticiano Americano.<\/p>\n<p>A programa\u00e7\u00e3o desta\u00a0segunda-feira contou com uma audi\u00eancia p\u00fablica do Plano de Gest\u00e3o Integrada dos Res\u00edduos S\u00f3lidos de Guarulhos e com as apresenta\u00e7\u00f5es dos pain\u00e9is Agricultura Urbana e Familiar de Guarulhos, Sensibiliza\u00e7\u00e3o e Educa\u00e7\u00e3o Ambiental, Biodigestor e Compostagem e Redu\u00e7\u00e3o, Re\u00faso e Reciclagem.<\/p>\n<p>A agenda segue at\u00e9\u00a0esta\u00a0ter\u00e7a-feira (6), a partir das 9h, com espet\u00e1culo teatral e o painel Escolas Rumo ao Lixo Zero com a participa\u00e7\u00e3o da Escola Aroeira, das escolas estaduais Odete Fernandes Pinto Silva e Celso Piva, novamente da EPG Celso Furtado e do Col\u00e9gio Agostiniano Mendel, primeira escola da regi\u00e3o metropolitana de S\u00e3o Paulo a obter a certifica\u00e7\u00e3o Rumo ao Lixo Zero.<br \/>\nMais informa\u00e7\u00f5es em\u00a0www.guarulhos.sp.gov.br\/lixozero.<\/p>\n<p>Foto: Marcio Lino\/PMG<\/p>\n","protected":false},"excerpt":{"rendered":"<p>Com m\u00fasicas e um jogral apresentados por estudantes da Escola da Prefeitura de Guarulhos Celso Furtado, come\u00e7ou nesta\u00a0segunda-feira (5), Dia Internacional do Meio Ambiente, o Encontro Lixo Zero Guarulhos Melhores Pr\u00e1ticas no Centro Municipal de Educa\u00e7\u00e3o Adamastor, no Macedo.\u00a0O evento, que tamb\u00e9m marca os sete anos do in\u00edcio do programa Lixo Zero Guarulhos, objetiva dar [&hellip;]<\/p>\n","protected":false},"author":1,"featured_media":9681,"comment_status":"open","ping_status":"open","sticky":false,"template":"","format":"standard","meta":{"footnotes":""},"categories":[3],"tags":[],"class_list":{"0":"post-9680","1":"post","2":"type-post","3":"status-publish","4":"format-standard","5":"has-post-thumbnail","7":"category-guarulhos"},"_links":{"self":[{"href":"https:\/\/jm-metropole.com.br\/site\/wp-json\/wp\/v2\/posts\/9680","targetHints":{"allow":["GET"]}}],"collection":[{"href":"https:\/\/jm-metropole.com.br\/site\/wp-json\/wp\/v2\/posts"}],"about":[{"href":"https:\/\/jm-metropole.com.br\/site\/wp-json\/wp\/v2\/types\/post"}],"author":[{"embeddable":true,"href":"https:\/\/jm-metropole.com.br\/site\/wp-json\/wp\/v2\/users\/1"}],"replies":[{"embeddable":true,"href":"https:\/\/jm-metropole.com.br\/site\/wp-json\/wp\/v2\/comments?post=9680"}],"version-history":[{"count":1,"href":"https:\/\/jm-metropole.com.br\/site\/wp-json\/wp\/v2\/posts\/9680\/revisions"}],"predecessor-version":[{"id":9682,"href":"https:\/\/jm-metropole.com.br\/site\/wp-json\/wp\/v2\/posts\/9680\/revisions\/9682"}],"wp:featuredmedia":[{"embeddable":true,"href":"https:\/\/jm-metropole.com.br\/site\/wp-json\/wp\/v2\/media\/9681"}],"wp:attachment":[{"href":"https:\/\/jm-metropole.com.br\/site\/wp-json\/wp\/v2\/media?parent=9680"}],"wp:term":[{"taxonomy":"category","embeddable":true,"href":"https:\/\/jm-metropole.com.br\/site\/wp-json\/wp\/v2\/categories?post=9680"},{"taxonomy":"post_tag","embeddable":true,"href":"https:\/\/jm-metropole.com.br\/site\/wp-json\/wp\/v2\/tags?post=9680"}],"curies":[{"name":"wp","href":"https:\/\/api.w.org\/{rel}","templated":true}]}}