{"id":968,"date":"2022-06-20T13:37:18","date_gmt":"2022-06-20T16:37:18","guid":{"rendered":"https:\/\/jm-metropole.com.br\/site\/?p=968"},"modified":"2022-06-20T13:37:18","modified_gmt":"2022-06-20T16:37:18","slug":"petrobras-nomeia-fernando-borges-como-presidente-interino","status":"publish","type":"post","link":"https:\/\/jm-metropole.com.br\/site\/petrobras-nomeia-fernando-borges-como-presidente-interino\/","title":{"rendered":"Petrobras nomeia Fernando Borges como presidente interino"},"content":{"rendered":"<p>Ele ocupa o cargo de diretor executivo de explora\u00e7\u00e3o e produ\u00e7\u00e3o<br \/>\nA Petrobras informou hoje (20) que o presidente do Conselho de Administra\u00e7\u00e3o da estatal nomeou como presidente interino da companhia o diretor executivo de explora\u00e7\u00e3o e produ\u00e7\u00e3o, Fernando Borges, at\u00e9 a elei\u00e7\u00e3o e posse do novo presidente, como prev\u00ea o estatuto da empresa.<\/p>\n<p>Mais cedo, Jos\u00e9 Mauro Coelho pediu demiss\u00e3o do cargo de presidente da empresa e renunciou ao cargo de membro do Conselho de Administra\u00e7\u00e3o da Petrobras.<\/p>\n<p>No dia 23 de maio, o Minist\u00e9rio de Minas e Energia informou que o governo federal, como acionista controlador da Petrobras, tinha decidido pela troca do presidente da companhia. \u00c0 \u00e9poca, o governo anunciou que Jos\u00e9 Mauro Coelho, que assumiu o cargo no dia 14 de abril, seria substitu\u00eddo por Caio M\u00e1rio Paes de Andrade.<\/p>\n<p>O novo indicado precisa ser aprovado pelo Comit\u00ea de Pessoas da Petrobras que faz a avalia\u00e7\u00e3o de curr\u00edculo. Depois, tem que ser eleito na Assembleia Geral Ordin\u00e1ria da empresa Ap\u00f3s essa etapa, ainda ter\u00e1 seu nome submetido ao Conselho de Administra\u00e7\u00e3o da companhia, onde precisar\u00e1 ser aprovado.<\/p>\n<p>*Com informa\u00e7\u00f5es de Ag\u00eancia Brasil<\/p>\n","protected":false},"excerpt":{"rendered":"<p>Ele ocupa o cargo de diretor executivo de explora\u00e7\u00e3o e produ\u00e7\u00e3o A Petrobras informou hoje (20) que o presidente do Conselho de Administra\u00e7\u00e3o da estatal nomeou como presidente interino da companhia o diretor executivo de explora\u00e7\u00e3o e produ\u00e7\u00e3o, Fernando Borges, at\u00e9 a elei\u00e7\u00e3o e posse do novo presidente, como prev\u00ea o estatuto da empresa. Mais [&hellip;]<\/p>\n","protected":false},"author":1,"featured_media":969,"comment_status":"open","ping_status":"open","sticky":false,"template":"","format":"standard","meta":{"footnotes":""},"categories":[1],"tags":[],"class_list":{"0":"post-968","1":"post","2":"type-post","3":"status-publish","4":"format-standard","5":"has-post-thumbnail","7":"category-tudo"},"_links":{"self":[{"href":"https:\/\/jm-metropole.com.br\/site\/wp-json\/wp\/v2\/posts\/968","targetHints":{"allow":["GET"]}}],"collection":[{"href":"https:\/\/jm-metropole.com.br\/site\/wp-json\/wp\/v2\/posts"}],"about":[{"href":"https:\/\/jm-metropole.com.br\/site\/wp-json\/wp\/v2\/types\/post"}],"author":[{"embeddable":true,"href":"https:\/\/jm-metropole.com.br\/site\/wp-json\/wp\/v2\/users\/1"}],"replies":[{"embeddable":true,"href":"https:\/\/jm-metropole.com.br\/site\/wp-json\/wp\/v2\/comments?post=968"}],"version-history":[{"count":1,"href":"https:\/\/jm-metropole.com.br\/site\/wp-json\/wp\/v2\/posts\/968\/revisions"}],"predecessor-version":[{"id":970,"href":"https:\/\/jm-metropole.com.br\/site\/wp-json\/wp\/v2\/posts\/968\/revisions\/970"}],"wp:featuredmedia":[{"embeddable":true,"href":"https:\/\/jm-metropole.com.br\/site\/wp-json\/wp\/v2\/media\/969"}],"wp:attachment":[{"href":"https:\/\/jm-metropole.com.br\/site\/wp-json\/wp\/v2\/media?parent=968"}],"wp:term":[{"taxonomy":"category","embeddable":true,"href":"https:\/\/jm-metropole.com.br\/site\/wp-json\/wp\/v2\/categories?post=968"},{"taxonomy":"post_tag","embeddable":true,"href":"https:\/\/jm-metropole.com.br\/site\/wp-json\/wp\/v2\/tags?post=968"}],"curies":[{"name":"wp","href":"https:\/\/api.w.org\/{rel}","templated":true}]}}