{"id":9677,"date":"2023-06-05T15:16:54","date_gmt":"2023-06-05T18:16:54","guid":{"rendered":"https:\/\/jm-metropole.com.br\/site\/?p=9677"},"modified":"2023-06-05T15:16:54","modified_gmt":"2023-06-05T18:16:54","slug":"procon-de-itaqua-realiza-acao-orientativa-em-supermercados","status":"publish","type":"post","link":"https:\/\/jm-metropole.com.br\/site\/procon-de-itaqua-realiza-acao-orientativa-em-supermercados\/","title":{"rendered":"Procon de Itaqu\u00e1 realiza a\u00e7\u00e3o orientativa em supermercados"},"content":{"rendered":"<p>Atividade teve o objetivo de orientar sobre os pre\u00e7os e etiquetagens dos produtos<\/p>\n<p>O Procon de Itaquaquecetuba realizou, na \u00faltima semana, um trabalho de orienta\u00e7\u00e3o sobre pre\u00e7os e etiquetagens dos produtos vendidos em grandes redes de supermercados. A a\u00e7\u00e3o foi acompanhada por t\u00e9cnicos da Funda\u00e7\u00e3o Procon e passou pelos principais estabelecimentos da cidade.<\/p>\n<p>Ao longo da visita, os t\u00e9cnicos repassaram aos representantes dos estabelecimentos informa\u00e7\u00f5es sobre como devem manter suas mercadorias em dia, principalmente observando as datas de validade, a seguran\u00e7a dos produtos, pre\u00e7os, origem, entre outros.<\/p>\n<p>&#8220;\u00c9 uma visita de car\u00e1ter orientativo, n\u00e3o punitivo. A ideia \u00e9 repassar o que devem fazer justamente para evitar futuras notifica\u00e7\u00f5es e penalidades&#8221;, explicou o diretor do Procon municipal, Heitor Bera.<\/p>\n<p>&#8220;O Procon est\u00e1 dando continuidade aos trabalhos de orienta\u00e7\u00e3o no sentido pedag\u00f3gico. Nossas equipes est\u00e3o de prontid\u00e3o para assegurar o direito do consumidor em nosso munic\u00edpio&#8221;, refor\u00e7ou o secret\u00e1rio de Governo e Obras, Marcello Barbosa.<\/p>\n<p>Al\u00e9m de produtos aliment\u00edcios, as orienta\u00e7\u00f5es tamb\u00e9m foram observadas em brinquedos, que tamb\u00e9m s\u00e3o vendidos em supermercados e, para serem comercializados, necessitam do selo do Inmetro ou de algum organismo certificador credenciado.<\/p>\n<p>&#8220;Itaqu\u00e1 \u00e9 amiga do consumidor e temos importantes mecanismos de fiscaliza\u00e7\u00e3o, mas antes disso, \u00e9 importante que os estabelecimentos recebam todas as orienta\u00e7\u00f5es necess\u00e1rias e andem de acordo com a lei&#8221;, completou o prefeito Eduardo Boigues.<\/p>\n","protected":false},"excerpt":{"rendered":"<p>Atividade teve o objetivo de orientar sobre os pre\u00e7os e etiquetagens dos produtos O Procon de Itaquaquecetuba realizou, na \u00faltima semana, um trabalho de orienta\u00e7\u00e3o sobre pre\u00e7os e etiquetagens dos produtos vendidos em grandes redes de supermercados. A a\u00e7\u00e3o foi acompanhada por t\u00e9cnicos da Funda\u00e7\u00e3o Procon e passou pelos principais estabelecimentos da cidade. Ao longo [&hellip;]<\/p>\n","protected":false},"author":1,"featured_media":9678,"comment_status":"open","ping_status":"open","sticky":false,"template":"","format":"standard","meta":{"footnotes":""},"categories":[6],"tags":[],"class_list":{"0":"post-9677","1":"post","2":"type-post","3":"status-publish","4":"format-standard","5":"has-post-thumbnail","7":"category-itaqua"},"_links":{"self":[{"href":"https:\/\/jm-metropole.com.br\/site\/wp-json\/wp\/v2\/posts\/9677","targetHints":{"allow":["GET"]}}],"collection":[{"href":"https:\/\/jm-metropole.com.br\/site\/wp-json\/wp\/v2\/posts"}],"about":[{"href":"https:\/\/jm-metropole.com.br\/site\/wp-json\/wp\/v2\/types\/post"}],"author":[{"embeddable":true,"href":"https:\/\/jm-metropole.com.br\/site\/wp-json\/wp\/v2\/users\/1"}],"replies":[{"embeddable":true,"href":"https:\/\/jm-metropole.com.br\/site\/wp-json\/wp\/v2\/comments?post=9677"}],"version-history":[{"count":1,"href":"https:\/\/jm-metropole.com.br\/site\/wp-json\/wp\/v2\/posts\/9677\/revisions"}],"predecessor-version":[{"id":9679,"href":"https:\/\/jm-metropole.com.br\/site\/wp-json\/wp\/v2\/posts\/9677\/revisions\/9679"}],"wp:featuredmedia":[{"embeddable":true,"href":"https:\/\/jm-metropole.com.br\/site\/wp-json\/wp\/v2\/media\/9678"}],"wp:attachment":[{"href":"https:\/\/jm-metropole.com.br\/site\/wp-json\/wp\/v2\/media?parent=9677"}],"wp:term":[{"taxonomy":"category","embeddable":true,"href":"https:\/\/jm-metropole.com.br\/site\/wp-json\/wp\/v2\/categories?post=9677"},{"taxonomy":"post_tag","embeddable":true,"href":"https:\/\/jm-metropole.com.br\/site\/wp-json\/wp\/v2\/tags?post=9677"}],"curies":[{"name":"wp","href":"https:\/\/api.w.org\/{rel}","templated":true}]}}