{"id":9671,"date":"2023-06-05T13:54:50","date_gmt":"2023-06-05T16:54:50","guid":{"rendered":"https:\/\/jm-metropole.com.br\/site\/?p=9671"},"modified":"2023-06-05T13:54:50","modified_gmt":"2023-06-05T16:54:50","slug":"projeto-cidadania-itinerante-traz-servicos-gratuitos-a-santa-isabel","status":"publish","type":"post","link":"https:\/\/jm-metropole.com.br\/site\/projeto-cidadania-itinerante-traz-servicos-gratuitos-a-santa-isabel\/","title":{"rendered":"PROJETO CIDADANIA ITINERANTE TRAZ SERVI\u00c7OS GRATUITOS A SANTA ISABEL"},"content":{"rendered":"<p>Nos dias 05, 06 e 07 de junho, das 09h \u00e0s 17h, Santa Isabel receber\u00e1 o Projeto Cidadania Itinerante, uma a\u00e7\u00e3o da Secretaria Estadual de Justi\u00e7a e Cidadania &#8211; em parceria com a Prefeitura de Santa Isabel &#8211; que traz servi\u00e7os gratuitos \u00e0 popula\u00e7\u00e3o.<\/p>\n<p>O posto m\u00f3vel ficar\u00e1 instalado na Pra\u00e7a Fernando Lopes e ofertar\u00e1 servi\u00e7os de: emiss\u00e3o de 2\u00aa via de certid\u00f5es (nascimento, casamento e \u00f3bito), de CPF, de contas de consumo (\u00e1gua e luz); emiss\u00e3o de carteira de trabalho digital; atestado de antecedentes criminais; entrada no seguro-desemprego; elabora\u00e7\u00e3o de curr\u00edculo; recebimento de den\u00fancias; e presta\u00e7\u00e3o de orienta\u00e7\u00e3o.<\/p>\n<p>Qualquer cidad\u00e3o pode utilizar os servi\u00e7os que ser\u00e3o ofertados no local, e n\u00e3o \u00e9 necess\u00e1rio agendamento pr\u00e9vio. Com exce\u00e7\u00e3o do RG, todos os servi\u00e7os t\u00eam sua resolu\u00e7\u00e3o na hora.<\/p>\n<p>SERVI\u00c7O<\/p>\n<p>Projeto Cidadania Itinerante<\/p>\n<p>Data: 05, 06 e 07 de junho<\/p>\n<p>Das 09h \u00e0s 17h<\/p>\n<p>Pra\u00e7a Fernando Lopes, Centro, Santa Isabel.<\/p>\n","protected":false},"excerpt":{"rendered":"<p>Nos dias 05, 06 e 07 de junho, das 09h \u00e0s 17h, Santa Isabel receber\u00e1 o Projeto Cidadania Itinerante, uma a\u00e7\u00e3o da Secretaria Estadual de Justi\u00e7a e Cidadania &#8211; em parceria com a Prefeitura de Santa Isabel &#8211; que traz servi\u00e7os gratuitos \u00e0 popula\u00e7\u00e3o. O posto m\u00f3vel ficar\u00e1 instalado na Pra\u00e7a Fernando Lopes e ofertar\u00e1 [&hellip;]<\/p>\n","protected":false},"author":1,"featured_media":9672,"comment_status":"open","ping_status":"open","sticky":false,"template":"","format":"standard","meta":{"footnotes":""},"categories":[5],"tags":[],"class_list":{"0":"post-9671","1":"post","2":"type-post","3":"status-publish","4":"format-standard","5":"has-post-thumbnail","7":"category-santa-isabel"},"_links":{"self":[{"href":"https:\/\/jm-metropole.com.br\/site\/wp-json\/wp\/v2\/posts\/9671","targetHints":{"allow":["GET"]}}],"collection":[{"href":"https:\/\/jm-metropole.com.br\/site\/wp-json\/wp\/v2\/posts"}],"about":[{"href":"https:\/\/jm-metropole.com.br\/site\/wp-json\/wp\/v2\/types\/post"}],"author":[{"embeddable":true,"href":"https:\/\/jm-metropole.com.br\/site\/wp-json\/wp\/v2\/users\/1"}],"replies":[{"embeddable":true,"href":"https:\/\/jm-metropole.com.br\/site\/wp-json\/wp\/v2\/comments?post=9671"}],"version-history":[{"count":1,"href":"https:\/\/jm-metropole.com.br\/site\/wp-json\/wp\/v2\/posts\/9671\/revisions"}],"predecessor-version":[{"id":9673,"href":"https:\/\/jm-metropole.com.br\/site\/wp-json\/wp\/v2\/posts\/9671\/revisions\/9673"}],"wp:featuredmedia":[{"embeddable":true,"href":"https:\/\/jm-metropole.com.br\/site\/wp-json\/wp\/v2\/media\/9672"}],"wp:attachment":[{"href":"https:\/\/jm-metropole.com.br\/site\/wp-json\/wp\/v2\/media?parent=9671"}],"wp:term":[{"taxonomy":"category","embeddable":true,"href":"https:\/\/jm-metropole.com.br\/site\/wp-json\/wp\/v2\/categories?post=9671"},{"taxonomy":"post_tag","embeddable":true,"href":"https:\/\/jm-metropole.com.br\/site\/wp-json\/wp\/v2\/tags?post=9671"}],"curies":[{"name":"wp","href":"https:\/\/api.w.org\/{rel}","templated":true}]}}