{"id":9665,"date":"2023-06-05T09:50:33","date_gmt":"2023-06-05T12:50:33","guid":{"rendered":"https:\/\/jm-metropole.com.br\/site\/?p=9665"},"modified":"2023-06-05T09:50:33","modified_gmt":"2023-06-05T12:50:33","slug":"programa-mulheres-que-cantam-traz-novos-talentos-ao-palco-do-adamastor-na-sexta-feira","status":"publish","type":"post","link":"https:\/\/jm-metropole.com.br\/site\/programa-mulheres-que-cantam-traz-novos-talentos-ao-palco-do-adamastor-na-sexta-feira\/","title":{"rendered":"Programa Mulheres que Cantam traz novos talentos ao palco do Adamastor na\u00a0sexta-feira"},"content":{"rendered":"<p>A 22\u00aa edi\u00e7\u00e3o do programa Mulheres que Cantam, que acontece nesta\u00a0sexta-feira (9), \u00e0s 19h, no teatro Adamastor, traz ao palco as cantoras Sylvestra Bianchi, Camila Arkanjo, Systhar Coragem e Ana L\u00facia, al\u00e9m das bailarinas da Escola de Dan\u00e7a Rita Camilo. O programa tem classifica\u00e7\u00e3o livre e \u00e9 aberto ao p\u00fablico em geral.<br \/>\nAs cantoras protagonizam hist\u00f3rias de valoriza\u00e7\u00e3o, exalta\u00e7\u00e3o de talentos e da for\u00e7a da m\u00fasica brasileira, representada na expressividade da voz feminina. Em meio ao repert\u00f3rio h\u00e1 can\u00e7\u00f5es de diferentes g\u00eaneros, do gospel ao sertanejo, passando por rock, pop e m\u00fasica brasileira.<br \/>\nIniciativa da Prefeitura de Guarulhos, por meio da Secretaria de Cultura, o programa Mulheres que Cantam \u00e9 coordenado e apresentado pela cantora, pianista e compositora Aline Rissuto e tem dire\u00e7\u00e3o art\u00edstica do agente cultural Paulinho Trewasae.<br \/>\nServi\u00e7o<br \/>\nPara saber mais acompanhe o perfil do projeto no Facebook (https:\/\/www.facebook.com\/people\/Mulheres-Que-Cantam-Gru\/100071464355946\/) e no Instagram (https:\/\/www.instagram.com\/mulheresquecantamgru\/).<br \/>\nO Teatro Adamastor fica na avenida Monteiro Lobato 734, Macedo.<\/p>\n","protected":false},"excerpt":{"rendered":"<p>A 22\u00aa edi\u00e7\u00e3o do programa Mulheres que Cantam, que acontece nesta\u00a0sexta-feira (9), \u00e0s 19h, no teatro Adamastor, traz ao palco as cantoras Sylvestra Bianchi, Camila Arkanjo, Systhar Coragem e Ana L\u00facia, al\u00e9m das bailarinas da Escola de Dan\u00e7a Rita Camilo. O programa tem classifica\u00e7\u00e3o livre e \u00e9 aberto ao p\u00fablico em geral. As cantoras protagonizam [&hellip;]<\/p>\n","protected":false},"author":1,"featured_media":9666,"comment_status":"open","ping_status":"open","sticky":false,"template":"","format":"standard","meta":{"footnotes":""},"categories":[3],"tags":[],"class_list":{"0":"post-9665","1":"post","2":"type-post","3":"status-publish","4":"format-standard","5":"has-post-thumbnail","7":"category-guarulhos"},"_links":{"self":[{"href":"https:\/\/jm-metropole.com.br\/site\/wp-json\/wp\/v2\/posts\/9665","targetHints":{"allow":["GET"]}}],"collection":[{"href":"https:\/\/jm-metropole.com.br\/site\/wp-json\/wp\/v2\/posts"}],"about":[{"href":"https:\/\/jm-metropole.com.br\/site\/wp-json\/wp\/v2\/types\/post"}],"author":[{"embeddable":true,"href":"https:\/\/jm-metropole.com.br\/site\/wp-json\/wp\/v2\/users\/1"}],"replies":[{"embeddable":true,"href":"https:\/\/jm-metropole.com.br\/site\/wp-json\/wp\/v2\/comments?post=9665"}],"version-history":[{"count":1,"href":"https:\/\/jm-metropole.com.br\/site\/wp-json\/wp\/v2\/posts\/9665\/revisions"}],"predecessor-version":[{"id":9667,"href":"https:\/\/jm-metropole.com.br\/site\/wp-json\/wp\/v2\/posts\/9665\/revisions\/9667"}],"wp:featuredmedia":[{"embeddable":true,"href":"https:\/\/jm-metropole.com.br\/site\/wp-json\/wp\/v2\/media\/9666"}],"wp:attachment":[{"href":"https:\/\/jm-metropole.com.br\/site\/wp-json\/wp\/v2\/media?parent=9665"}],"wp:term":[{"taxonomy":"category","embeddable":true,"href":"https:\/\/jm-metropole.com.br\/site\/wp-json\/wp\/v2\/categories?post=9665"},{"taxonomy":"post_tag","embeddable":true,"href":"https:\/\/jm-metropole.com.br\/site\/wp-json\/wp\/v2\/tags?post=9665"}],"curies":[{"name":"wp","href":"https:\/\/api.w.org\/{rel}","templated":true}]}}