{"id":9662,"date":"2023-06-05T09:42:10","date_gmt":"2023-06-05T12:42:10","guid":{"rendered":"https:\/\/jm-metropole.com.br\/site\/?p=9662"},"modified":"2023-06-05T09:42:10","modified_gmt":"2023-06-05T12:42:10","slug":"inscricoes-para-o-enem-comecam-nesta-segunda-feira","status":"publish","type":"post","link":"https:\/\/jm-metropole.com.br\/site\/inscricoes-para-o-enem-comecam-nesta-segunda-feira\/","title":{"rendered":"Inscri\u00e7\u00f5es para o Enem come\u00e7am nesta segunda-feira"},"content":{"rendered":"<h3 class=\"col-10 offset-1 animated fadeInDown dealy-900 display-8 display-md-8 alt-font font-italic my-1 text-center\">Taxa de inscri\u00e7\u00e3o custa R$ 85 e deve ser paga at\u00e9 dia 21<\/h3>\n<p>As inscri\u00e7\u00f5es para o Exame Nacional do Ensino M\u00e9dio (Enem) come\u00e7am nesta segunda-feira (5). Interessados em participar do certame, a ser aplicado nos dias 5 e 12 de novembro, t\u00eam at\u00e9 16 de junho para fazer o cadastro na\u00a0<a href=\"https:\/\/enem.inep.gov.br\/participante\/#!\/\" target=\"_blank\" rel=\"noopener\">P\u00e1gina do Participante<\/a>. A taxa de inscri\u00e7\u00e3o \u00e9 R$ 85 e deve ser paga at\u00e9 21 de junho. \u00a0<img decoding=\"async\" src=\"https:\/\/agenciabrasil.ebc.com.br\/ebc.png?id=1536842&amp;o=node\" \/><img decoding=\"async\" src=\"https:\/\/agenciabrasil.ebc.com.br\/ebc.gif?id=1536842&amp;o=node\" \/><\/p>\n<p><a href=\"https:\/\/www.in.gov.br\/en\/web\/dou\/-\/edital-n-30-de-5-de-maio-de-2023-481632388\" target=\"_blank\" rel=\"noopener\">O edital<\/a>\u00a0com o cronograma e tamb\u00e9m com as regras para o Enem 2023 foi publicado no in\u00edcio do m\u00eas. Al\u00e9m de apresentar as datas e os hor\u00e1rios do exame, o texto detalha os documentos necess\u00e1rios e as obriga\u00e7\u00f5es do participante, incluindo situa\u00e7\u00f5es em que o candidato pode ser eliminado.<\/p>\n<h2>Provas<\/h2>\n<p>A publica\u00e7\u00e3o do Instituto Nacional de Estudos e Pesquisas An\u00edsio Teixeira (Inep) traz, ainda, crit\u00e9rios para corre\u00e7\u00e3o das provas e procedimentos para pessoas que precisam de cuidados especiais durante o concurso.<\/p>\n<p>Os gabaritos das provas objetivas ser\u00e3o publicados no dia 24 de novembro no\u00a0<a href=\"http:\/\/www.gov.br\/inep\/pt-br\" target=\"_blank\" rel=\"noopener\">portal do Inep<\/a>. J\u00e1 os resultados individuais ser\u00e3o divulgados no dia 16 de janeiro de 2024 no mesmo site.<\/p>\n<p>*Com informa\u00e7\u00f5es de Ag\u00eancia Brasil<\/p>\n","protected":false},"excerpt":{"rendered":"<p>Taxa de inscri\u00e7\u00e3o custa R$ 85 e deve ser paga at\u00e9 dia 21 As inscri\u00e7\u00f5es para o Exame Nacional do Ensino M\u00e9dio (Enem) come\u00e7am nesta segunda-feira (5). Interessados em participar do certame, a ser aplicado nos dias 5 e 12 de novembro, t\u00eam at\u00e9 16 de junho para fazer o cadastro na\u00a0P\u00e1gina do Participante. A [&hellip;]<\/p>\n","protected":false},"author":1,"featured_media":9663,"comment_status":"open","ping_status":"open","sticky":false,"template":"","format":"standard","meta":{"footnotes":""},"categories":[14],"tags":[],"class_list":{"0":"post-9662","1":"post","2":"type-post","3":"status-publish","4":"format-standard","5":"has-post-thumbnail","7":"category-educacao"},"_links":{"self":[{"href":"https:\/\/jm-metropole.com.br\/site\/wp-json\/wp\/v2\/posts\/9662","targetHints":{"allow":["GET"]}}],"collection":[{"href":"https:\/\/jm-metropole.com.br\/site\/wp-json\/wp\/v2\/posts"}],"about":[{"href":"https:\/\/jm-metropole.com.br\/site\/wp-json\/wp\/v2\/types\/post"}],"author":[{"embeddable":true,"href":"https:\/\/jm-metropole.com.br\/site\/wp-json\/wp\/v2\/users\/1"}],"replies":[{"embeddable":true,"href":"https:\/\/jm-metropole.com.br\/site\/wp-json\/wp\/v2\/comments?post=9662"}],"version-history":[{"count":1,"href":"https:\/\/jm-metropole.com.br\/site\/wp-json\/wp\/v2\/posts\/9662\/revisions"}],"predecessor-version":[{"id":9664,"href":"https:\/\/jm-metropole.com.br\/site\/wp-json\/wp\/v2\/posts\/9662\/revisions\/9664"}],"wp:featuredmedia":[{"embeddable":true,"href":"https:\/\/jm-metropole.com.br\/site\/wp-json\/wp\/v2\/media\/9663"}],"wp:attachment":[{"href":"https:\/\/jm-metropole.com.br\/site\/wp-json\/wp\/v2\/media?parent=9662"}],"wp:term":[{"taxonomy":"category","embeddable":true,"href":"https:\/\/jm-metropole.com.br\/site\/wp-json\/wp\/v2\/categories?post=9662"},{"taxonomy":"post_tag","embeddable":true,"href":"https:\/\/jm-metropole.com.br\/site\/wp-json\/wp\/v2\/tags?post=9662"}],"curies":[{"name":"wp","href":"https:\/\/api.w.org\/{rel}","templated":true}]}}