{"id":9659,"date":"2023-06-05T08:16:28","date_gmt":"2023-06-05T11:16:28","guid":{"rendered":"https:\/\/jm-metropole.com.br\/site\/?p=9659"},"modified":"2023-06-05T08:16:28","modified_gmt":"2023-06-05T11:16:28","slug":"prefeitura-de-aruja-busca-em-brasilia-mais-investimentos-para-emprego-e-renda","status":"publish","type":"post","link":"https:\/\/jm-metropole.com.br\/site\/prefeitura-de-aruja-busca-em-brasilia-mais-investimentos-para-emprego-e-renda\/","title":{"rendered":"PREFEITURA DE ARUJ\u00c1 BUSCA EM BRAS\u00cdLIA MAIS INVESTIMENTOS PARA EMPREGO E RENDA"},"content":{"rendered":"<p>O prefeito de Aruj\u00e1 Luis Camargo, o Dr Camargo, esteve em Bras\u00edlia nesta semana participando de reuni\u00e3o na Frente Parlamentar de Empreendedorismo (FPE), juntamente com o deputado federal Marco Bertaiolli, que \u00e9 tamb\u00e9m coordenador da FPE, e com o ministro das Rela\u00e7\u00f5es Institucionais do Governo, Alexandre Padilha, o senador Espiridi\u00e3o Amin, o senador Izalci Lucas e outras importantes lideran\u00e7as, para buscar mais investimentos para a gera\u00e7\u00e3o de Emprego e Renda na Cidade.<\/p>\n<p>O grupo discutiu projetos para melhorias na \u00e1rea do empreendedorismo e, especialmente, para fomentar os neg\u00f3cios dos micro e pequenos empreendedores do Munic\u00edpio.<\/p>\n<p>A Frente Parlamentar Mista do Empreendedorism \u00e9 uma comiss\u00e3o suprapartid\u00e1ria de deputados e senadores, que tem por objetivo trabalhar na formula\u00e7\u00e3o de Pol\u00edticas P\u00fablicas que apoiem o setor, tais como: a simplifica\u00e7\u00e3o da carga tribut\u00e1ria e a desburocratiza\u00e7\u00e3o do ambiente de neg\u00f3cios.<\/p>\n<p>&#8220;A Frente tem como principal papel, enfim, buscar solu\u00e7\u00f5es para melhorar o ambiente de neg\u00f3cios da Ind\u00fastria, Com\u00e9rcio e Servi\u00e7os, principalmente dos micro e pequenos empreendedores, promovendo a gera\u00e7\u00e3o de mais emprego e renda&#8221;, pontuou Dr Camargo, avaliando o encontro como bastante produtivo.<\/p>\n","protected":false},"excerpt":{"rendered":"<p>O prefeito de Aruj\u00e1 Luis Camargo, o Dr Camargo, esteve em Bras\u00edlia nesta semana participando de reuni\u00e3o na Frente Parlamentar de Empreendedorismo (FPE), juntamente com o deputado federal Marco Bertaiolli, que \u00e9 tamb\u00e9m coordenador da FPE, e com o ministro das Rela\u00e7\u00f5es Institucionais do Governo, Alexandre Padilha, o senador Espiridi\u00e3o Amin, o senador Izalci Lucas [&hellip;]<\/p>\n","protected":false},"author":1,"featured_media":9660,"comment_status":"open","ping_status":"open","sticky":false,"template":"","format":"standard","meta":{"footnotes":""},"categories":[4],"tags":[],"class_list":{"0":"post-9659","1":"post","2":"type-post","3":"status-publish","4":"format-standard","5":"has-post-thumbnail","7":"category-aruja"},"_links":{"self":[{"href":"https:\/\/jm-metropole.com.br\/site\/wp-json\/wp\/v2\/posts\/9659","targetHints":{"allow":["GET"]}}],"collection":[{"href":"https:\/\/jm-metropole.com.br\/site\/wp-json\/wp\/v2\/posts"}],"about":[{"href":"https:\/\/jm-metropole.com.br\/site\/wp-json\/wp\/v2\/types\/post"}],"author":[{"embeddable":true,"href":"https:\/\/jm-metropole.com.br\/site\/wp-json\/wp\/v2\/users\/1"}],"replies":[{"embeddable":true,"href":"https:\/\/jm-metropole.com.br\/site\/wp-json\/wp\/v2\/comments?post=9659"}],"version-history":[{"count":1,"href":"https:\/\/jm-metropole.com.br\/site\/wp-json\/wp\/v2\/posts\/9659\/revisions"}],"predecessor-version":[{"id":9661,"href":"https:\/\/jm-metropole.com.br\/site\/wp-json\/wp\/v2\/posts\/9659\/revisions\/9661"}],"wp:featuredmedia":[{"embeddable":true,"href":"https:\/\/jm-metropole.com.br\/site\/wp-json\/wp\/v2\/media\/9660"}],"wp:attachment":[{"href":"https:\/\/jm-metropole.com.br\/site\/wp-json\/wp\/v2\/media?parent=9659"}],"wp:term":[{"taxonomy":"category","embeddable":true,"href":"https:\/\/jm-metropole.com.br\/site\/wp-json\/wp\/v2\/categories?post=9659"},{"taxonomy":"post_tag","embeddable":true,"href":"https:\/\/jm-metropole.com.br\/site\/wp-json\/wp\/v2\/tags?post=9659"}],"curies":[{"name":"wp","href":"https:\/\/api.w.org\/{rel}","templated":true}]}}