{"id":9656,"date":"2023-06-05T07:41:10","date_gmt":"2023-06-05T10:41:10","guid":{"rendered":"https:\/\/jm-metropole.com.br\/site\/?p=9656"},"modified":"2023-06-05T07:41:10","modified_gmt":"2023-06-05T10:41:10","slug":"praca-da-juventude-ganha-revitalizacao-com-novo-sistema-de-iluminacao-e-campo-society-novo-gramado-sintetico","status":"publish","type":"post","link":"https:\/\/jm-metropole.com.br\/site\/praca-da-juventude-ganha-revitalizacao-com-novo-sistema-de-iluminacao-e-campo-society-novo-gramado-sintetico\/","title":{"rendered":"PRA\u00c7A DA JUVENTUDE GANHA REVITALIZA\u00c7\u00c3O, COM NOVO SISTEMA DE ILUMINA\u00c7\u00c3O, E CAMPO SOCIETY NOVO GRAMADO SINT\u00c9TICO"},"content":{"rendered":"<p>A Pra\u00e7a da Juventude, no Mirante, onde fica tamb\u00e9m a Secretaria Municipal de Cultura, ganhou um novo sistema de ilumina\u00e7\u00e3o, com l\u00e2mpadas de LED, que garantem luminosidade muito maior, al\u00e9m de serem mais econ\u00f4micas. J\u00e1 a quadra de society recebeu nova grama sint\u00e9tica. As melhorias foram entregues pela Prefeitura de Aruj\u00e1, pelas Secretarias Municipais de Esportes e Servi\u00e7os, na manh\u00e3 deste s\u00e1bado (03), como parte da programa\u00e7\u00e3o de Anivers\u00e1rio da Cidade.<\/p>\n<p>O prefeito Dr Camargo disse estar orgulhoso e feliz por fazer parte deste novo tempo de conquistas para Aruj\u00e1. &#8220;Gra\u00e7as a Deus, estamos conseguindo melhorar a nossa Cidade. As coisas est\u00e3o andando de acordo com o que esper\u00e1vamos, principalmente na quest\u00e3o do Esporte, e temos a certeza disso por conta do n\u00famero de praticantes do Programa Municipal &#8216;Viva Esporte&#8217;, que hoje conta com quase 5 mil pessoas&#8221;, comentou.<\/p>\n<p>Estiveram presentes na entrega das melhorias do local o vice-prefeito Betinho, o secret\u00e1rio municipal de Esportes Fabio Andr\u00e9 e seu adjunto Anderson Rodrigues, bem como os adjuntos de Assuntos Jur\u00eddicos, Kiciana Francisco Ferreira Mayo, e de Sa\u00fade, Danilo da Silva Santos. A C\u00e2mara Municipal tamb\u00e9m marcou presen\u00e7a com o presidente Abelzinho e os vereadores Divinei da SIlva, Paulinho Maiolino, Vin\u00edcius Pateta e Genilson Moto.<\/p>\n","protected":false},"excerpt":{"rendered":"<p>A Pra\u00e7a da Juventude, no Mirante, onde fica tamb\u00e9m a Secretaria Municipal de Cultura, ganhou um novo sistema de ilumina\u00e7\u00e3o, com l\u00e2mpadas de LED, que garantem luminosidade muito maior, al\u00e9m de serem mais econ\u00f4micas. J\u00e1 a quadra de society recebeu nova grama sint\u00e9tica. As melhorias foram entregues pela Prefeitura de Aruj\u00e1, pelas Secretarias Municipais de [&hellip;]<\/p>\n","protected":false},"author":1,"featured_media":9657,"comment_status":"open","ping_status":"open","sticky":false,"template":"","format":"standard","meta":{"footnotes":""},"categories":[4],"tags":[],"class_list":{"0":"post-9656","1":"post","2":"type-post","3":"status-publish","4":"format-standard","5":"has-post-thumbnail","7":"category-aruja"},"_links":{"self":[{"href":"https:\/\/jm-metropole.com.br\/site\/wp-json\/wp\/v2\/posts\/9656","targetHints":{"allow":["GET"]}}],"collection":[{"href":"https:\/\/jm-metropole.com.br\/site\/wp-json\/wp\/v2\/posts"}],"about":[{"href":"https:\/\/jm-metropole.com.br\/site\/wp-json\/wp\/v2\/types\/post"}],"author":[{"embeddable":true,"href":"https:\/\/jm-metropole.com.br\/site\/wp-json\/wp\/v2\/users\/1"}],"replies":[{"embeddable":true,"href":"https:\/\/jm-metropole.com.br\/site\/wp-json\/wp\/v2\/comments?post=9656"}],"version-history":[{"count":1,"href":"https:\/\/jm-metropole.com.br\/site\/wp-json\/wp\/v2\/posts\/9656\/revisions"}],"predecessor-version":[{"id":9658,"href":"https:\/\/jm-metropole.com.br\/site\/wp-json\/wp\/v2\/posts\/9656\/revisions\/9658"}],"wp:featuredmedia":[{"embeddable":true,"href":"https:\/\/jm-metropole.com.br\/site\/wp-json\/wp\/v2\/media\/9657"}],"wp:attachment":[{"href":"https:\/\/jm-metropole.com.br\/site\/wp-json\/wp\/v2\/media?parent=9656"}],"wp:term":[{"taxonomy":"category","embeddable":true,"href":"https:\/\/jm-metropole.com.br\/site\/wp-json\/wp\/v2\/categories?post=9656"},{"taxonomy":"post_tag","embeddable":true,"href":"https:\/\/jm-metropole.com.br\/site\/wp-json\/wp\/v2\/tags?post=9656"}],"curies":[{"name":"wp","href":"https:\/\/api.w.org\/{rel}","templated":true}]}}