{"id":9651,"date":"2023-06-03T16:52:22","date_gmt":"2023-06-03T19:52:22","guid":{"rendered":"https:\/\/jm-metropole.com.br\/site\/?p=9651"},"modified":"2023-06-03T16:52:22","modified_gmt":"2023-06-03T19:52:22","slug":"aula-magna-de-cortella-em-inauguracao-de-escola-do-legislativo-reune-mais-de-mil-pessoas","status":"publish","type":"post","link":"https:\/\/jm-metropole.com.br\/site\/aula-magna-de-cortella-em-inauguracao-de-escola-do-legislativo-reune-mais-de-mil-pessoas\/","title":{"rendered":"Aula Magna de Cortella em inaugura\u00e7\u00e3o de Escola do Legislativo re\u00fane mais de mil pessoas"},"content":{"rendered":"<p>Professor participou de solenidade de inaugura\u00e7\u00e3o da Escola do Legislativo<\/p>\n<p>Aruj\u00e1, 2 de junho de 2023. Mais de mil pessoas prestigiaram a Aula Magna do Professor Mario Sergio Cortella em evento hist\u00f3rico organizado pela C\u00e2mara de Aruj\u00e1 na noite de quinta-feira (1\u00ba\/6) no audit\u00f3rio da PL. A solenidade marcou o in\u00edcio oficial das atividades da Escola do Legislativo Professora Ana Cristina Poli.<\/p>\n<p>\u201c\u00c9 um momento hist\u00f3rico para a C\u00e2mara, para os 15 vereadores e para a cidade de Aruj\u00e1. Dia em que entregamos pronto para funcionar a nossa Escola do Legislativo como forma de incentivar a participa\u00e7\u00e3o das pessoas na vida da C\u00e2mara Municipal e com a honra de termos conosco esse professor que o Brasil inteiro ama: Mario Sergio Cortella\u201d, disse o presidente da C\u00e2mara de Aruj\u00e1, Abelzinho (PL), durante entrevista coletiva \u00e0 imprensa.<\/p>\n<p>Logo depois, Cortella falou aos jornalistas e dos bastidores acompanhou a Sess\u00e3o Solene de inaugura\u00e7\u00e3o da Escola.<\/p>\n<p>Ali houve o descerramento da placa de inaugura\u00e7\u00e3o, a posse da diretoria e o discurso das autoridades, entre as quais, o da patrona da Escola do Legislativo, a professora Ana Cristina Poli (PL).<\/p>\n<p>O Legislativo ainda prestou uma homenagem ao servidor p\u00fablico Norberto Alegri, que completou 50 anos de servi\u00e7os prestados ao Poder Legislativo.<\/p>\n<p>A educa\u00e7\u00e3o como processo de transforma\u00e7\u00e3o da sociedade e sua import\u00e2ncia na consolida\u00e7\u00e3o da cidadania orientou os principais discursos da noite e foi um dos eixos explorados pelo professor Mario Sergio Cortella em sua palestra.<\/p>\n<p>\u201cToda escola \u00e9 necess\u00e1ria, inclusive, essas mais espec\u00edficas como a do Legislativo. Lima Barreto dizia que o Brasil n\u00e3o tinha povo, tinha p\u00fablico. Porque povo \u00e9 aquele que interfere, participa; p\u00fablico \u00e9 aquele que assiste\u201d, disse Cortella ao conclamar as pessoas \u00e0 participa\u00e7\u00e3o pol\u00edtica.<\/p>\n<p>Ele disse que a omiss\u00e3o tamb\u00e9m \u00e9 uma op\u00e7\u00e3o pol\u00edtica e levou o p\u00fablico a refletir sobre o sentido o poder. \u201cO poder \u00e9 para servir e n\u00e3o para se auto servir\u201d.<\/p>\n<p>Cortella valorizou a iniciativa de cria\u00e7\u00e3o da Escola do Legislativo como forma de incentivo \u00e0 educa\u00e7\u00e3o e ao aprendizado.<\/p>\n<p>Diante de um audit\u00f3rio lotado, valorizou o trabalho dos professores e pontuou sobre a necessidade de se assumir uma postura \u00e9tica e ativa perante a vida.<\/p>\n<p>A palestra do professor Mario Sergio durou cerca de uma hora. Ele foi aplaudido de p\u00e9 pela plateia.<\/p>\n<p>A inaugura\u00e7\u00e3o contou com a presen\u00e7a dos vereadores Divinei (PL), Gabriel (PSD), Genilson Moto (PT), Jean da Padaria (PDT), Jo\u00e3o Luiz (PSD), Paulinho Maiolino (PSD), Luiz Fernando (PSDB), GCM Uelton (PSDB), Rafael Laranjeira (Rede), Reynaldinho (PTB), Renan de Aruj\u00e1 (Pode), Vin\u00edcius Pateta (Rede), Pastor Samoel Maia (Republicanos) e da vereadora Cris do Barreto (PSD).<\/p>\n<p>Compuseram a mesa: o prefeito de Aruj\u00e1, Dr. Lu\u00eds Camargo, o presidente da Assembleia Legislativa do Estado de S\u00e3o Paulo deputado estadual Andr\u00e9 do Prado (PL); o secret\u00e1rio de Turismo do Estado de S\u00e3o Paulo, Roberto de Lucena, o deputado estadual Marcos Dam\u00e1sio (PL), representando o presidente nacional do PL, Valdemar Costa Neto; o servidor p\u00fablico, Norberto Alegri; a patrona da Escola do Legislativo Ana Poli e a diretora da Escola, Silmara Helena Pereira de Paula.<\/p>\n","protected":false},"excerpt":{"rendered":"<p>Professor participou de solenidade de inaugura\u00e7\u00e3o da Escola do Legislativo Aruj\u00e1, 2 de junho de 2023. Mais de mil pessoas prestigiaram a Aula Magna do Professor Mario Sergio Cortella em evento hist\u00f3rico organizado pela C\u00e2mara de Aruj\u00e1 na noite de quinta-feira (1\u00ba\/6) no audit\u00f3rio da PL. A solenidade marcou o in\u00edcio oficial das atividades da [&hellip;]<\/p>\n","protected":false},"author":1,"featured_media":9652,"comment_status":"open","ping_status":"open","sticky":false,"template":"","format":"standard","meta":{"footnotes":""},"categories":[4],"tags":[],"class_list":{"0":"post-9651","1":"post","2":"type-post","3":"status-publish","4":"format-standard","5":"has-post-thumbnail","7":"category-aruja"},"_links":{"self":[{"href":"https:\/\/jm-metropole.com.br\/site\/wp-json\/wp\/v2\/posts\/9651","targetHints":{"allow":["GET"]}}],"collection":[{"href":"https:\/\/jm-metropole.com.br\/site\/wp-json\/wp\/v2\/posts"}],"about":[{"href":"https:\/\/jm-metropole.com.br\/site\/wp-json\/wp\/v2\/types\/post"}],"author":[{"embeddable":true,"href":"https:\/\/jm-metropole.com.br\/site\/wp-json\/wp\/v2\/users\/1"}],"replies":[{"embeddable":true,"href":"https:\/\/jm-metropole.com.br\/site\/wp-json\/wp\/v2\/comments?post=9651"}],"version-history":[{"count":1,"href":"https:\/\/jm-metropole.com.br\/site\/wp-json\/wp\/v2\/posts\/9651\/revisions"}],"predecessor-version":[{"id":9653,"href":"https:\/\/jm-metropole.com.br\/site\/wp-json\/wp\/v2\/posts\/9651\/revisions\/9653"}],"wp:featuredmedia":[{"embeddable":true,"href":"https:\/\/jm-metropole.com.br\/site\/wp-json\/wp\/v2\/media\/9652"}],"wp:attachment":[{"href":"https:\/\/jm-metropole.com.br\/site\/wp-json\/wp\/v2\/media?parent=9651"}],"wp:term":[{"taxonomy":"category","embeddable":true,"href":"https:\/\/jm-metropole.com.br\/site\/wp-json\/wp\/v2\/categories?post=9651"},{"taxonomy":"post_tag","embeddable":true,"href":"https:\/\/jm-metropole.com.br\/site\/wp-json\/wp\/v2\/tags?post=9651"}],"curies":[{"name":"wp","href":"https:\/\/api.w.org\/{rel}","templated":true}]}}