{"id":9648,"date":"2023-06-03T16:49:25","date_gmt":"2023-06-03T19:49:25","guid":{"rendered":"https:\/\/jm-metropole.com.br\/site\/?p=9648"},"modified":"2023-06-03T16:49:25","modified_gmt":"2023-06-03T19:49:25","slug":"abrigo-temporario-do-programa-acolher-voltado-para-pessoas-em-situacao-de-rua-inicia-funcionamento-nesta-sexta-feira-02","status":"publish","type":"post","link":"https:\/\/jm-metropole.com.br\/site\/abrigo-temporario-do-programa-acolher-voltado-para-pessoas-em-situacao-de-rua-inicia-funcionamento-nesta-sexta-feira-02\/","title":{"rendered":"Abrigo tempor\u00e1rio do Programa &#8216;Acolher&#8217;, voltado para pessoas em situa\u00e7\u00e3o de rua, inicia funcionamento nesta sexta-feira (02)"},"content":{"rendered":"<p>Localizado na rua Adhemar de Barros, 84, Jardim Modelo, no pr\u00e9dio do antigo mercado Dia, o abrigo tempor\u00e1rio do Programa &#8220;Acolher&#8221; da Prefeitura de Aruj\u00e1, conta com acessibilidade facilitada, vesti\u00e1rio para higieniza\u00e7\u00e3o pessoal e local para animais das pessoas em situa\u00e7\u00e3o de rua na Cidade, que ser\u00e3o atendidas.<\/p>\n<p>Com cerca de 20 vagas por noite, todos os acolhidos ter\u00e3o direito \u00e0 alimenta\u00e7\u00e3o na entrada e sa\u00edda, cobertas e kits de higiene. O encaminhamento para o abrigo pode ser feito por demanda espont\u00e2nea, via disque 153 da Guarda Civil Municipal (GCM) de Aruj\u00e1, pelo contato da unidade Centro de Refer\u00eancia Especializado de Assist\u00eancia Social (CREAS): (11) 4651-3293, ou por meio das abordagens sociais, que s\u00e3o realizadas todas as noites pelas equipes da Secretaria Municipal de Assist\u00eancia Social.<\/p>\n<p>As abordagens sociais s\u00e3o realizadas das 19 \u00e0s 21h e, ap\u00f3s este hor\u00e1rio, os encaminhamentos de pessoas em situa\u00e7\u00e3o de rua para o abrigo ser\u00e3o feitos pela GCM, quando houver demanda.<\/p>\n","protected":false},"excerpt":{"rendered":"<p>Localizado na rua Adhemar de Barros, 84, Jardim Modelo, no pr\u00e9dio do antigo mercado Dia, o abrigo tempor\u00e1rio do Programa &#8220;Acolher&#8221; da Prefeitura de Aruj\u00e1, conta com acessibilidade facilitada, vesti\u00e1rio para higieniza\u00e7\u00e3o pessoal e local para animais das pessoas em situa\u00e7\u00e3o de rua na Cidade, que ser\u00e3o atendidas. Com cerca de 20 vagas por noite, [&hellip;]<\/p>\n","protected":false},"author":1,"featured_media":9649,"comment_status":"open","ping_status":"open","sticky":false,"template":"","format":"standard","meta":{"footnotes":""},"categories":[4],"tags":[],"class_list":{"0":"post-9648","1":"post","2":"type-post","3":"status-publish","4":"format-standard","5":"has-post-thumbnail","7":"category-aruja"},"_links":{"self":[{"href":"https:\/\/jm-metropole.com.br\/site\/wp-json\/wp\/v2\/posts\/9648","targetHints":{"allow":["GET"]}}],"collection":[{"href":"https:\/\/jm-metropole.com.br\/site\/wp-json\/wp\/v2\/posts"}],"about":[{"href":"https:\/\/jm-metropole.com.br\/site\/wp-json\/wp\/v2\/types\/post"}],"author":[{"embeddable":true,"href":"https:\/\/jm-metropole.com.br\/site\/wp-json\/wp\/v2\/users\/1"}],"replies":[{"embeddable":true,"href":"https:\/\/jm-metropole.com.br\/site\/wp-json\/wp\/v2\/comments?post=9648"}],"version-history":[{"count":1,"href":"https:\/\/jm-metropole.com.br\/site\/wp-json\/wp\/v2\/posts\/9648\/revisions"}],"predecessor-version":[{"id":9650,"href":"https:\/\/jm-metropole.com.br\/site\/wp-json\/wp\/v2\/posts\/9648\/revisions\/9650"}],"wp:featuredmedia":[{"embeddable":true,"href":"https:\/\/jm-metropole.com.br\/site\/wp-json\/wp\/v2\/media\/9649"}],"wp:attachment":[{"href":"https:\/\/jm-metropole.com.br\/site\/wp-json\/wp\/v2\/media?parent=9648"}],"wp:term":[{"taxonomy":"category","embeddable":true,"href":"https:\/\/jm-metropole.com.br\/site\/wp-json\/wp\/v2\/categories?post=9648"},{"taxonomy":"post_tag","embeddable":true,"href":"https:\/\/jm-metropole.com.br\/site\/wp-json\/wp\/v2\/tags?post=9648"}],"curies":[{"name":"wp","href":"https:\/\/api.w.org\/{rel}","templated":true}]}}