{"id":962,"date":"2022-06-20T09:16:01","date_gmt":"2022-06-20T12:16:01","guid":{"rendered":"https:\/\/jm-metropole.com.br\/site\/?p=962"},"modified":"2022-06-20T09:16:01","modified_gmt":"2022-06-20T12:16:01","slug":"incendio-atinge-galpao-em-guarulhos-e-deixa-um-bombeiro-ferido","status":"publish","type":"post","link":"https:\/\/jm-metropole.com.br\/site\/incendio-atinge-galpao-em-guarulhos-e-deixa-um-bombeiro-ferido\/","title":{"rendered":"Inc\u00eandio atinge galp\u00e3o em Guarulhos e deixa um bombeiro ferido."},"content":{"rendered":"<p>Um inc\u00eandio de grandes propor\u00e7\u00f5es atingiu um galp\u00e3o de reciclagem e deixou um bombeiro ferido em Guarulhos.<\/p>\n<p>O galp\u00e3o atingido fica na Avenida Guinle, em Cumbica, regi\u00e3o caracterizada por ter muitas ind\u00fastrias, galp\u00f5es e empresas.<\/p>\n<p>O fogo come\u00e7ou por volta das 5h desta madrugada e ap\u00f3s o amanhecer, imagens das redes de TV mostraram uma coluna de fuma\u00e7a preta saindo do galp\u00e3o, parcialmente destru\u00eddo, enquanto funcion\u00e1rios de uma empresa vizinha trabalhavam para retirar materiais inflam\u00e1veis de dentro do pr\u00e9dio, cercado pelas chamas.<\/p>\n<p>A coluna de fuma\u00e7a vinda do local era vis\u00edvel na rodovia Presidente Dutra, mas n\u00e3o comprometeu a visibilidade dos motoristas, bem como mesmo estando pr\u00f3ximo ao aeroporto de Guarulhos, n\u00e3o atrapalhou as opera\u00e7\u00f5es de aeronaves no aeroporto.<br \/>\nBombeiros da capital paulista tamb\u00e9m se dirigiram ao local para auxiliar os bombeiros de Guarulhos.<\/p>\n<p>At\u00e9 o momento o fogo ainda n\u00e3o foi totalmente controlado e a preocupa\u00e7\u00e3o \u00e9 que as chamas atinjam empresas vizinhas ao galp\u00e3o.<\/p>\n<p>De acordo com informa\u00e7\u00f5es do Corpo de Bombeiros, 15 viaturas com 50 homens foram encaminhadas para o local.<\/p>\n<p>O bombeiro ferido durante o trabalho de combate ao fogo foi levado para um pronto-socorro da regi\u00e3o. N\u00e3o h\u00e1 registro de v\u00edtimas civis.<\/p>\n","protected":false},"excerpt":{"rendered":"<p>Um inc\u00eandio de grandes propor\u00e7\u00f5es atingiu um galp\u00e3o de reciclagem e deixou um bombeiro ferido em Guarulhos. O galp\u00e3o atingido fica na Avenida Guinle, em Cumbica, regi\u00e3o caracterizada por ter muitas ind\u00fastrias, galp\u00f5es e empresas. O fogo come\u00e7ou por volta das 5h desta madrugada e ap\u00f3s o amanhecer, imagens das redes de TV mostraram uma [&hellip;]<\/p>\n","protected":false},"author":1,"featured_media":963,"comment_status":"open","ping_status":"open","sticky":false,"template":"","format":"standard","meta":{"footnotes":""},"categories":[2,3],"tags":[],"class_list":{"0":"post-962","1":"post","2":"type-post","3":"status-publish","4":"format-standard","5":"has-post-thumbnail","7":"category-cidades","8":"category-guarulhos"},"_links":{"self":[{"href":"https:\/\/jm-metropole.com.br\/site\/wp-json\/wp\/v2\/posts\/962","targetHints":{"allow":["GET"]}}],"collection":[{"href":"https:\/\/jm-metropole.com.br\/site\/wp-json\/wp\/v2\/posts"}],"about":[{"href":"https:\/\/jm-metropole.com.br\/site\/wp-json\/wp\/v2\/types\/post"}],"author":[{"embeddable":true,"href":"https:\/\/jm-metropole.com.br\/site\/wp-json\/wp\/v2\/users\/1"}],"replies":[{"embeddable":true,"href":"https:\/\/jm-metropole.com.br\/site\/wp-json\/wp\/v2\/comments?post=962"}],"version-history":[{"count":1,"href":"https:\/\/jm-metropole.com.br\/site\/wp-json\/wp\/v2\/posts\/962\/revisions"}],"predecessor-version":[{"id":964,"href":"https:\/\/jm-metropole.com.br\/site\/wp-json\/wp\/v2\/posts\/962\/revisions\/964"}],"wp:featuredmedia":[{"embeddable":true,"href":"https:\/\/jm-metropole.com.br\/site\/wp-json\/wp\/v2\/media\/963"}],"wp:attachment":[{"href":"https:\/\/jm-metropole.com.br\/site\/wp-json\/wp\/v2\/media?parent=962"}],"wp:term":[{"taxonomy":"category","embeddable":true,"href":"https:\/\/jm-metropole.com.br\/site\/wp-json\/wp\/v2\/categories?post=962"},{"taxonomy":"post_tag","embeddable":true,"href":"https:\/\/jm-metropole.com.br\/site\/wp-json\/wp\/v2\/tags?post=962"}],"curies":[{"name":"wp","href":"https:\/\/api.w.org\/{rel}","templated":true}]}}