{"id":959,"date":"2022-06-20T09:13:12","date_gmt":"2022-06-20T12:13:12","guid":{"rendered":"https:\/\/jm-metropole.com.br\/site\/?p=959"},"modified":"2022-06-20T09:13:12","modified_gmt":"2022-06-20T12:13:12","slug":"pf-conclui-analise-e-divulga-como-morreram-bruno-pereira-e-dom-phillips","status":"publish","type":"post","link":"https:\/\/jm-metropole.com.br\/site\/pf-conclui-analise-e-divulga-como-morreram-bruno-pereira-e-dom-phillips\/","title":{"rendered":"PF conclui an\u00e1lise e divulga como morreram Bruno Pereira e Dom Phillips."},"content":{"rendered":"<p>A Pol\u00edcia Federal concluiu a an\u00e1lise da causa da morte do indigenista Bruno Pereira e do jornalista brit\u00e2nico Dom Phillips.<\/p>\n<p>Em nota divulgada no \u00faltimo s\u00e1bado (18), a PF informou que Bruno Pereira foi morto com dois tiros na regi\u00e3o abdominal e tor\u00e1cica e um na cabe\u00e7a. J\u00e1 Dom Phillips foi atingido por um tiro no abd\u00f4men\/t\u00f3rax, ambos com marcas de muni\u00e7\u00e3o de armas utilizadas na ca\u00e7a de animais.<\/p>\n<p>A muni\u00e7\u00e3o de ca\u00e7a utilizada no crime dispara proj\u00e9teis m\u00faltiplos, chamados de balins, um \u00fanico tiro pode causar uma s\u00e9rie de perfura\u00e7\u00f5es provocadas por pequenas esferas de chumbo.<\/p>\n<p>Os corpos foram encontrados ap\u00f3s a confiss\u00e3o do pescador Amarildo da Costa Pereira, que indicou \u00e0 pol\u00edcia o local onde os corpos foram enterrados. At\u00e9 o momento, tr\u00eas pessoas est\u00e3o presas por suspeita de participa\u00e7\u00e3o no crime.<\/p>\n<p>No \u00faltimo s\u00e1bado (18), Jefferson da Silva Lima entregou-se na Delegacia de Pol\u00edcia de Atalaia do Norte, regi\u00e3o do Vale do Javari, oeste do Amazonas, o homem estava at\u00e9 ent\u00e3o foragido da justi\u00e7a.<\/p>\n<p>Al\u00e9m dele, est\u00e3o presos por envolvimento na morte e na oculta\u00e7\u00e3o dos corpos os pescadores Amarildo e seu irm\u00e3o Oseney da Costa de Oliveira. At\u00e9 o momento, apenas Amarildo confessou o crime.<\/p>\n<p>Dom Phillips, do jornal brit\u00e2nico The Guardian, e Bruno Pereira, servidor licenciado da Funai, foram vistos pela \u00faltima vez no dia 5 de junho, na regi\u00e3o da reserva ind\u00edgena do Vale do Javari, a segunda maior do pa\u00eds, com mais de 8,5 milh\u00f5es de hectares. Eles se deslocavam da comunidade ribeirinha de S\u00e3o Rafael para a cidade de Atalaia do Norte, no Amazonas, quando sumiram sem deixar vest\u00edgios.<\/p>\n<p>*Com informa\u00e7\u00f5es da Ag\u00eancia Brasil<\/p>\n","protected":false},"excerpt":{"rendered":"<p>A Pol\u00edcia Federal concluiu a an\u00e1lise da causa da morte do indigenista Bruno Pereira e do jornalista brit\u00e2nico Dom Phillips. Em nota divulgada no \u00faltimo s\u00e1bado (18), a PF informou que Bruno Pereira foi morto com dois tiros na regi\u00e3o abdominal e tor\u00e1cica e um na cabe\u00e7a. J\u00e1 Dom Phillips foi atingido por um tiro [&hellip;]<\/p>\n","protected":false},"author":1,"featured_media":960,"comment_status":"open","ping_status":"open","sticky":false,"template":"","format":"standard","meta":{"footnotes":""},"categories":[1],"tags":[],"class_list":{"0":"post-959","1":"post","2":"type-post","3":"status-publish","4":"format-standard","5":"has-post-thumbnail","7":"category-tudo"},"_links":{"self":[{"href":"https:\/\/jm-metropole.com.br\/site\/wp-json\/wp\/v2\/posts\/959","targetHints":{"allow":["GET"]}}],"collection":[{"href":"https:\/\/jm-metropole.com.br\/site\/wp-json\/wp\/v2\/posts"}],"about":[{"href":"https:\/\/jm-metropole.com.br\/site\/wp-json\/wp\/v2\/types\/post"}],"author":[{"embeddable":true,"href":"https:\/\/jm-metropole.com.br\/site\/wp-json\/wp\/v2\/users\/1"}],"replies":[{"embeddable":true,"href":"https:\/\/jm-metropole.com.br\/site\/wp-json\/wp\/v2\/comments?post=959"}],"version-history":[{"count":1,"href":"https:\/\/jm-metropole.com.br\/site\/wp-json\/wp\/v2\/posts\/959\/revisions"}],"predecessor-version":[{"id":961,"href":"https:\/\/jm-metropole.com.br\/site\/wp-json\/wp\/v2\/posts\/959\/revisions\/961"}],"wp:featuredmedia":[{"embeddable":true,"href":"https:\/\/jm-metropole.com.br\/site\/wp-json\/wp\/v2\/media\/960"}],"wp:attachment":[{"href":"https:\/\/jm-metropole.com.br\/site\/wp-json\/wp\/v2\/media?parent=959"}],"wp:term":[{"taxonomy":"category","embeddable":true,"href":"https:\/\/jm-metropole.com.br\/site\/wp-json\/wp\/v2\/categories?post=959"},{"taxonomy":"post_tag","embeddable":true,"href":"https:\/\/jm-metropole.com.br\/site\/wp-json\/wp\/v2\/tags?post=959"}],"curies":[{"name":"wp","href":"https:\/\/api.w.org\/{rel}","templated":true}]}}