{"id":955,"date":"2022-06-19T18:11:46","date_gmt":"2022-06-19T21:11:46","guid":{"rendered":"https:\/\/jm-metropole.com.br\/site\/?p=955"},"modified":"2022-06-19T18:11:46","modified_gmt":"2022-06-19T21:11:46","slug":"apos-denuncia-do-jm-metropole-ccr-se-pronuncia-sobre-obras-na-area-de-desabamento-do-km-214-na-dutra-em-guarulhos","status":"publish","type":"post","link":"https:\/\/jm-metropole.com.br\/site\/apos-denuncia-do-jm-metropole-ccr-se-pronuncia-sobre-obras-na-area-de-desabamento-do-km-214-na-dutra-em-guarulhos\/","title":{"rendered":"Ap\u00f3s den\u00fancia do JM Metr\u00f3pole, CCR se pronuncia sobre obras na \u00e1rea de desabamento do KM 214 na Dutra em Guarulhos"},"content":{"rendered":"<p>Em resposta ao questionamento do JM Metr\u00f3pole, sobre o atraso das obras do desabamento de parte da via local da rodovia Presidente Dutra, no KM 214, em Guarulhos, a CCR, concession\u00e1ria que administra a rodovia divulgou a seguinte nota:<\/p>\n<p>Ap\u00f3s a conclus\u00e3o dos estudos t\u00e9cnicos, dos projetos executivos e obten\u00e7\u00f5es de autoriza\u00e7\u00f5es necess\u00e1rias, a CCR RioSP iniciou hoje, dia 17\/06 os trabalhos definitivos no km 214 da pista marginal sentido S\u00e3o Paulo, da Via Dutra (BR-116), em Guarulhos (SP). Com previs\u00e3o de libera\u00e7\u00e3o ao tr\u00e1fego em dezembro, o projeto ser\u00e1 executado em quatro etapas. A primeira delas consiste na execu\u00e7\u00e3o de conten\u00e7\u00e3o provis\u00f3ria, com refor\u00e7o de funda\u00e7\u00e3o.<\/p>\n<p>Na sequ\u00eancia, a Concession\u00e1ria far\u00e1 o refor\u00e7o de solo, com execu\u00e7\u00e3o de colunas para melhorar as caracter\u00edsticas do terreno. Por fim, as equipes de obras e engenharia far\u00e3o a conten\u00e7\u00e3o em solo refor\u00e7ado, al\u00e9m de realizar o reaterro da regi\u00e3o afetada, a recomposi\u00e7\u00e3o da drenagem, uma nova pavimenta\u00e7\u00e3o, a constru\u00e7\u00e3o de passeios (cal\u00e7ada), de guarda corpos e a implanta\u00e7\u00e3o de uma nova sinaliza\u00e7\u00e3o. A concession\u00e1ria orienta o motorista a respeitar a sinaliza\u00e7\u00e3o implantada nos trechos em obras e o limite de velocidade ao trafegar por esses locais.<\/p>\n<p>Trabalhos emergenciais:<br \/>\nDevido \u00e0s fortes chuvas que ca\u00edram na regi\u00e3o no in\u00edcio deste ano, parte do pavimento da pista marginal do km 214 cedeu. Desde ent\u00e3o, a Concession\u00e1ria realizou uma s\u00e9rie de servi\u00e7os emergenciais\u00a0para prote\u00e7\u00e3o dos lindeiros e das pistas existentes. O\u00a0corpo t\u00e9cnico especializado em geotecnia da concession\u00e1ria realizou o al\u00edvio de peso na parte superior da conten\u00e7\u00e3o, implanta\u00e7\u00e3o de um talude provis\u00f3rio com impermeabiliza\u00e7\u00e3o em calda de cimento, a conten\u00e7\u00e3o de solo grampeado, instala\u00e7\u00e3o de barbac\u00e3s (muro) na cortina atirantada na regi\u00e3o das casas.<\/p>\n<p>Tamb\u00e9m foram instalados marcos superficiais para monitora\u00e7\u00e3o da conten\u00e7\u00e3o, medidas necess\u00e1rias para garantir a seguran\u00e7a dos motoristas que utilizam o trecho diariamente. Para atender a comunidade da regi\u00e3o, entre elas os bairros Jardim Ottawa e Jardim S\u00e3o Manoel, foi remanejado o ponto de \u00f4nibus para facilitar o acesso dos moradores.<\/p>\n","protected":false},"excerpt":{"rendered":"<p>Em resposta ao questionamento do JM Metr\u00f3pole, sobre o atraso das obras do desabamento de parte da via local da rodovia Presidente Dutra, no KM 214, em Guarulhos, a CCR, concession\u00e1ria que administra a rodovia divulgou a seguinte nota: Ap\u00f3s a conclus\u00e3o dos estudos t\u00e9cnicos, dos projetos executivos e obten\u00e7\u00f5es de autoriza\u00e7\u00f5es necess\u00e1rias, a CCR [&hellip;]<\/p>\n","protected":false},"author":1,"featured_media":956,"comment_status":"open","ping_status":"open","sticky":false,"template":"","format":"standard","meta":{"footnotes":""},"categories":[2,3],"tags":[],"class_list":{"0":"post-955","1":"post","2":"type-post","3":"status-publish","4":"format-standard","5":"has-post-thumbnail","7":"category-cidades","8":"category-guarulhos"},"_links":{"self":[{"href":"https:\/\/jm-metropole.com.br\/site\/wp-json\/wp\/v2\/posts\/955","targetHints":{"allow":["GET"]}}],"collection":[{"href":"https:\/\/jm-metropole.com.br\/site\/wp-json\/wp\/v2\/posts"}],"about":[{"href":"https:\/\/jm-metropole.com.br\/site\/wp-json\/wp\/v2\/types\/post"}],"author":[{"embeddable":true,"href":"https:\/\/jm-metropole.com.br\/site\/wp-json\/wp\/v2\/users\/1"}],"replies":[{"embeddable":true,"href":"https:\/\/jm-metropole.com.br\/site\/wp-json\/wp\/v2\/comments?post=955"}],"version-history":[{"count":2,"href":"https:\/\/jm-metropole.com.br\/site\/wp-json\/wp\/v2\/posts\/955\/revisions"}],"predecessor-version":[{"id":958,"href":"https:\/\/jm-metropole.com.br\/site\/wp-json\/wp\/v2\/posts\/955\/revisions\/958"}],"wp:featuredmedia":[{"embeddable":true,"href":"https:\/\/jm-metropole.com.br\/site\/wp-json\/wp\/v2\/media\/956"}],"wp:attachment":[{"href":"https:\/\/jm-metropole.com.br\/site\/wp-json\/wp\/v2\/media?parent=955"}],"wp:term":[{"taxonomy":"category","embeddable":true,"href":"https:\/\/jm-metropole.com.br\/site\/wp-json\/wp\/v2\/categories?post=955"},{"taxonomy":"post_tag","embeddable":true,"href":"https:\/\/jm-metropole.com.br\/site\/wp-json\/wp\/v2\/tags?post=955"}],"curies":[{"name":"wp","href":"https:\/\/api.w.org\/{rel}","templated":true}]}}