{"id":915,"date":"2022-06-15T17:18:00","date_gmt":"2022-06-15T20:18:00","guid":{"rendered":"https:\/\/jm-metropole.com.br\/site\/?p=915"},"modified":"2022-06-15T17:18:00","modified_gmt":"2022-06-15T20:18:00","slug":"feriado-de-corpus-christi-altera-o-funcionamento-de-servicos-e-o-transito-de-itaquaquecetuba","status":"publish","type":"post","link":"https:\/\/jm-metropole.com.br\/site\/feriado-de-corpus-christi-altera-o-funcionamento-de-servicos-e-o-transito-de-itaquaquecetuba\/","title":{"rendered":"Feriado de Corpus Christi altera o funcionamento de servi\u00e7os e o tr\u00e2nsito de Itaquaquecetuba"},"content":{"rendered":"<p>Durante o feriado de Corpus Christi desta quinta (16) e o ponto facultativo de sexta-feira (17), apenas os servi\u00e7os essenciais v\u00e3o funcionar normalmente em Itaquaquecetuba. As atividades administrativas e o atendimento ao p\u00fablico retornam na pr\u00f3xima segunda-feira (20).<\/p>\n<p>O Samu (192), Defesa Civil (199), Guarda Civil Municipal (153), Centro de Sa\u00fade 24h, Unidade de Pronto Atendimento (UPA), cemit\u00e9rios, servi\u00e7o funer\u00e1rio, coleta de lixo e feiras livres v\u00e3o manter o funcionamento normal e o Parque Ecol\u00f3gico Mario do Canto estar\u00e1 aberto para visita\u00e7\u00e3o todos os dias, das 5h \u00e0s 19h.<\/p>\n<p>As Unidades B\u00e1sicas de Sa\u00fade (UBSs) Nicea\/Louzada (rua Diamante, 181), Marengo (avenida Gon\u00e7alves Dias, 1.805), Morro Branco (rua Rio Grande do Sul, 585) e Maragogipe (rua Paulistania, 95) abrir\u00e3o no s\u00e1bado (18) para vacina\u00e7\u00e3o contra gripe e Covid-19, das 8h \u00e0s 16h.<\/p>\n<p>A administra\u00e7\u00e3o municipal pede aos motoristas que redobrem a aten\u00e7\u00e3o no tr\u00e2nsito por conta da confec\u00e7\u00e3o dos tapetes de Corpus Christi e da prociss\u00e3o, que acontecer\u00e1 entre 7h e 18h na regi\u00e3o central, porque o fluxo do tr\u00e2nsito ter\u00e1 desvios. Agentes do Departamento de Tr\u00e2nsito far\u00e3o as devidas sinaliza\u00e7\u00f5es.<\/p>\n<p>A \u00e1rea central ser\u00e1 interditada nesta quarta (15), a partir das 22h, at\u00e9 as 19h de quinta (16). As vias afetadas ser\u00e3o a avenida Emancipa\u00e7\u00e3o (sentido centro) e as ruas Sebasti\u00e3o Ferreira dos Santos e Capit\u00e3o Jos\u00e9 Leite, que ficam no entorno da pra\u00e7a Padre Jo\u00e3o \u00c1lvares. Os \u00f4nibus ter\u00e3o o trajeto desviado para a rodovia Alberto Hinoto (sentido bairro) e os carros para a rua Jo\u00e3o Vagnotti (sentido prefeitura). Al\u00e9m disso, a pra\u00e7a dos Expedicion\u00e1rios ser\u00e1 parcialmente interditada.<\/p>\n<p>Alguns bairros tamb\u00e9m ter\u00e3o altera\u00e7\u00f5es no tr\u00e2nsito por conta dos tapetes nas respectivas par\u00f3quias: Comunidade Sagrado Cora\u00e7\u00e3o de Jesus (Jardim Nova Itaqu\u00e1), Par\u00f3quia Jesus Divino Mestre (Vila Jap\u00e3o), Par\u00f3quia S\u00e3o Francisco de Assis (Parque Piratininga), Pastoral Divino Mestre (Jardim Maragogipe), Par\u00f3quia S\u00e3o Gabriel (Jardim Patr\u00edcia), Rainha Ap\u00f3stolos (Scaffid) e Par\u00f3quia Nossa Senhora do Carmo (Parque Marengo)<\/p>\n","protected":false},"excerpt":{"rendered":"<p>Durante o feriado de Corpus Christi desta quinta (16) e o ponto facultativo de sexta-feira (17), apenas os servi\u00e7os essenciais v\u00e3o funcionar normalmente em Itaquaquecetuba. As atividades administrativas e o atendimento ao p\u00fablico retornam na pr\u00f3xima segunda-feira (20). O Samu (192), Defesa Civil (199), Guarda Civil Municipal (153), Centro de Sa\u00fade 24h, Unidade de Pronto [&hellip;]<\/p>\n","protected":false},"author":1,"featured_media":916,"comment_status":"open","ping_status":"open","sticky":false,"template":"","format":"standard","meta":{"footnotes":""},"categories":[2,6],"tags":[],"class_list":{"0":"post-915","1":"post","2":"type-post","3":"status-publish","4":"format-standard","5":"has-post-thumbnail","7":"category-cidades","8":"category-itaqua"},"_links":{"self":[{"href":"https:\/\/jm-metropole.com.br\/site\/wp-json\/wp\/v2\/posts\/915","targetHints":{"allow":["GET"]}}],"collection":[{"href":"https:\/\/jm-metropole.com.br\/site\/wp-json\/wp\/v2\/posts"}],"about":[{"href":"https:\/\/jm-metropole.com.br\/site\/wp-json\/wp\/v2\/types\/post"}],"author":[{"embeddable":true,"href":"https:\/\/jm-metropole.com.br\/site\/wp-json\/wp\/v2\/users\/1"}],"replies":[{"embeddable":true,"href":"https:\/\/jm-metropole.com.br\/site\/wp-json\/wp\/v2\/comments?post=915"}],"version-history":[{"count":1,"href":"https:\/\/jm-metropole.com.br\/site\/wp-json\/wp\/v2\/posts\/915\/revisions"}],"predecessor-version":[{"id":917,"href":"https:\/\/jm-metropole.com.br\/site\/wp-json\/wp\/v2\/posts\/915\/revisions\/917"}],"wp:featuredmedia":[{"embeddable":true,"href":"https:\/\/jm-metropole.com.br\/site\/wp-json\/wp\/v2\/media\/916"}],"wp:attachment":[{"href":"https:\/\/jm-metropole.com.br\/site\/wp-json\/wp\/v2\/media?parent=915"}],"wp:term":[{"taxonomy":"category","embeddable":true,"href":"https:\/\/jm-metropole.com.br\/site\/wp-json\/wp\/v2\/categories?post=915"},{"taxonomy":"post_tag","embeddable":true,"href":"https:\/\/jm-metropole.com.br\/site\/wp-json\/wp\/v2\/tags?post=915"}],"curies":[{"name":"wp","href":"https:\/\/api.w.org\/{rel}","templated":true}]}}