{"id":8962,"date":"2023-05-12T04:43:03","date_gmt":"2023-05-12T07:43:03","guid":{"rendered":"https:\/\/jm-metropole.com.br\/site\/?p=8962"},"modified":"2023-05-12T04:43:03","modified_gmt":"2023-05-12T07:43:03","slug":"camara-inaugura-escola-do-legislativo-com-aula-magna-do-profo-mario-sergio-cortella","status":"publish","type":"post","link":"https:\/\/jm-metropole.com.br\/site\/camara-inaugura-escola-do-legislativo-com-aula-magna-do-profo-mario-sergio-cortella\/","title":{"rendered":"C\u00e2mara inaugura Escola do Legislativo com Aula Magna do Prof\u00ba Mario Sergio Cortella"},"content":{"rendered":"<p>C\u00e2mara inaugura Escola do Legislativo com Aula Magna do Prof\u00ba Mario Sergio Cortella<\/p>\n<p>Um dos intelectuais mais prestigiados do Pa\u00eds vir\u00e1 a Aruj\u00e1, pela primeira vez, em 1\u00ba de junho<\/p>\n<p>Aruj\u00e1, 11 de maio de 2023. O professor de Filosofia Mario Sergio Cortella, um dos intelectuais mais prestigiados do Pa\u00eds, estar\u00e1 em Aruj\u00e1, pela primeira vez, no dia 1\u00ba de junho. Ele vir\u00e1 \u00e0 cidade a convite da C\u00e2mara Municipal para participar da solenidade de inaugura\u00e7\u00e3o da Escola do Legislativo.<\/p>\n<p>O evento, gratuito e aberto ao p\u00fablico, ser\u00e1 realizado a partir das 18h, no audit\u00f3rio da PL (Avenida PL, s\/n\u00ba).<\/p>\n<p>Al\u00e9m de um presente para a cidade, que completar\u00e1 171 anos em 8 de junho, a aula com o professor Cortella tamb\u00e9m ser\u00e1 um evento solid\u00e1rio. Cada ingresso dever\u00e1 ser trocado por 1kg de alimento n\u00e3o perec\u00edvel.<\/p>\n<p>As doa\u00e7\u00f5es ser\u00e3o recebidas na C\u00e2mara de Aruj\u00e1, de 17 a 26 de maio, das 8h \u00e0s 12h e das 13h30 \u00e0s 17h. Tudo o que for arrecadado ser\u00e1 destinado ao Fundo Social de Solidariedade do Munic\u00edpio.<\/p>\n<p>Tamb\u00e9m ser\u00e1 disponibilizado transporte gratuito \u2013 ida e volta \u2013 at\u00e9 o local do evento. Os \u00f4nibus sair\u00e3o, a partir das 17h, da rodovi\u00e1ria de Aruj\u00e1.<\/p>\n<p>Quem \u00e9 Mario Sergio Cortella?<\/p>\n<p>Mario Sergio Cortella \u00e9 professor de Filosofia, Mestre e Doutor em Educa\u00e7\u00e3o pela Pontif\u00edcia Universidade Cat\u00f3lica de S\u00e3o Paulo (PUC-SP) onde lecionou por 35 anos. Atualmente, dedica-se a palestras, cursos e confer\u00eancias e tornou-se um dos intelectuais mais conhecidos do p\u00fablico brasileiro.<\/p>\n<p>Nasceu em 5 de mar\u00e7o de 1954 na cidade de Londrina (PR). \u00c9 filho mais velho do banc\u00e1rio Ant\u00f4nio e da professora Em\u00edlia Cortella.<\/p>\n<p>Iniciou sua vida como docente em 1976 ao assumir a disciplina de \u00c9tica Social para o 4\u00ba ano de Ci\u00eancias Sociais. No ano seguinte, \u00e9 selecionado professor do Departamento de Teologia da PUC-SP para ministrar a disciplina Problemas Filos\u00f3ficos do Homem Contempor\u00e2neo no Ciclo B\u00e1sico.<\/p>\n<p>Concluiu o Mestrado em Educa\u00e7\u00e3o no ano de 1989 sob orienta\u00e7\u00e3o do professor Moacir Gadotti. Nesse mesmo ano, integrou a equipe da Secretaria Municipal de Educa\u00e7\u00e3o da Prefeitura de S\u00e3o Paulo na gest\u00e3o da ent\u00e3o prefeita Luiza Erundina. O titular da pasta era o professor Paulo Freire que, posteriormente, seria seu orientador no Doutorado.<\/p>\n<p>Assumiu como titular a pasta em 1991, ap\u00f3s decis\u00e3o de Freire de sair da Prefeitura.<\/p>\n<p>Livro<br \/>\nSeu primeiro livro foi lan\u00e7ado em 1988 \u2013 Descartes, a paix\u00e3o pela raz\u00e3o.<\/p>\n<p>\u00c9 casado, pai de tr\u00eas filhos e av\u00f4.<\/p>\n<p>Escola do Legislativo<\/p>\n<p>Institu\u00edda por meio da Resolu\u00e7\u00e3o n\u00ba 394\/2023, a Escola do Legislativo tem como objetivo auxiliar na forma\u00e7\u00e3o pol\u00edtica dos cidad\u00e3os e das cidad\u00e3s de Aruj\u00e1 e na sua compreens\u00e3o do papel e da atua\u00e7\u00e3o do Poder Legislativo na sociedade.<\/p>\n<p>Tamb\u00e9m pretende se tornar espa\u00e7o de aprendizado e aperfei\u00e7oamento dos servidores p\u00fablicos a fim de aprimorar a atua\u00e7\u00e3o e a presta\u00e7\u00e3o de servi\u00e7o \u00e0 popula\u00e7\u00e3o.<\/p>\n<p>O projeto de Resolu\u00e7\u00e3o n\u00ba 21\/2023 de cria\u00e7\u00e3o da Escola do Legislativo \u00e9 de autoria do vereador Abel Franco Larini (PL), o Abelzinho. A propositura foi aprovada por unanimidade na 91\u00aa Sess\u00e3o Ordin\u00e1ria, realizada em 24\/03\/2023, e tem como coautor o vereador Luiz Fernando Alves de Almeida (PSDB).<\/p>\n<p>Cursos<br \/>\nOs cursos que ser\u00e3o ministrados na Escola do Legislativo ser\u00e3o gratuitos e abertos ao p\u00fablico. As aulas ser\u00e3o disponibilizadas \u00e0 dist\u00e2ncia atrav\u00e9s do site da C\u00e2mara de Aruj\u00e1, com emiss\u00e3o de certificado, em parceria com institui\u00e7\u00f5es p\u00fablicas.<\/p>\n<p>Toda a programa\u00e7\u00e3o ser\u00e1 divulgada posteriormente.<\/p>\n<p>Homenageada<\/p>\n<p>A ex-vereadora Ana Cristina Poli dar\u00e1 nome \u00e0 Escola do Legislativo da C\u00e2mara Municipal de Aruj\u00e1. Atuou na C\u00e2mara por seis mandatos, sendo o primeiro na 8\u00aa Legislatura no per\u00edodo de 1993 a 1996.<\/p>\n<p>A Professora Ana Cristina Poli possui Licenciatura Plena em Matem\u00e1tica e em Pedagogia. Lecionou mais de 32 (trinta e dois) anos em Escolas Estaduais de Aruj\u00e1 durante os anos de 1983 a 2015 e Contabilidade P\u00fablica em Institui\u00e7\u00e3o de Ensino Superior.<\/p>\n<p>Ao longo desses anos a homenageada se mant\u00e9m atuante em a\u00e7\u00f5es e projetos que contribuem para o desenvolvimento da cidade e foi atrav\u00e9s de seu mandato que o munic\u00edpio passou a ter a Delegacia da Mulher.<\/p>\n<p>Grande apoiadora das causas sociais e ap\u00f3s 17 anos se dedicando aos Lions Clube de Aruj\u00e1 foi empossada Presidente desta importante institui\u00e7\u00e3o em julho de 2022.<\/p>\n","protected":false},"excerpt":{"rendered":"<p>C\u00e2mara inaugura Escola do Legislativo com Aula Magna do Prof\u00ba Mario Sergio Cortella Um dos intelectuais mais prestigiados do Pa\u00eds vir\u00e1 a Aruj\u00e1, pela primeira vez, em 1\u00ba de junho Aruj\u00e1, 11 de maio de 2023. O professor de Filosofia Mario Sergio Cortella, um dos intelectuais mais prestigiados do Pa\u00eds, estar\u00e1 em Aruj\u00e1, pela primeira [&hellip;]<\/p>\n","protected":false},"author":1,"featured_media":8963,"comment_status":"open","ping_status":"open","sticky":false,"template":"","format":"standard","meta":{"footnotes":""},"categories":[1],"tags":[],"class_list":{"0":"post-8962","1":"post","2":"type-post","3":"status-publish","4":"format-standard","5":"has-post-thumbnail","7":"category-tudo"},"_links":{"self":[{"href":"https:\/\/jm-metropole.com.br\/site\/wp-json\/wp\/v2\/posts\/8962","targetHints":{"allow":["GET"]}}],"collection":[{"href":"https:\/\/jm-metropole.com.br\/site\/wp-json\/wp\/v2\/posts"}],"about":[{"href":"https:\/\/jm-metropole.com.br\/site\/wp-json\/wp\/v2\/types\/post"}],"author":[{"embeddable":true,"href":"https:\/\/jm-metropole.com.br\/site\/wp-json\/wp\/v2\/users\/1"}],"replies":[{"embeddable":true,"href":"https:\/\/jm-metropole.com.br\/site\/wp-json\/wp\/v2\/comments?post=8962"}],"version-history":[{"count":1,"href":"https:\/\/jm-metropole.com.br\/site\/wp-json\/wp\/v2\/posts\/8962\/revisions"}],"predecessor-version":[{"id":8964,"href":"https:\/\/jm-metropole.com.br\/site\/wp-json\/wp\/v2\/posts\/8962\/revisions\/8964"}],"wp:featuredmedia":[{"embeddable":true,"href":"https:\/\/jm-metropole.com.br\/site\/wp-json\/wp\/v2\/media\/8963"}],"wp:attachment":[{"href":"https:\/\/jm-metropole.com.br\/site\/wp-json\/wp\/v2\/media?parent=8962"}],"wp:term":[{"taxonomy":"category","embeddable":true,"href":"https:\/\/jm-metropole.com.br\/site\/wp-json\/wp\/v2\/categories?post=8962"},{"taxonomy":"post_tag","embeddable":true,"href":"https:\/\/jm-metropole.com.br\/site\/wp-json\/wp\/v2\/tags?post=8962"}],"curies":[{"name":"wp","href":"https:\/\/api.w.org\/{rel}","templated":true}]}}