{"id":8950,"date":"2023-05-11T16:43:27","date_gmt":"2023-05-11T19:43:27","guid":{"rendered":"https:\/\/jm-metropole.com.br\/site\/?p=8950"},"modified":"2023-05-11T16:43:27","modified_gmt":"2023-05-11T19:43:27","slug":"santa-isabel-pode-perder-mais-de-meio-milhao-destinado-a-cultura","status":"publish","type":"post","link":"https:\/\/jm-metropole.com.br\/site\/santa-isabel-pode-perder-mais-de-meio-milhao-destinado-a-cultura\/","title":{"rendered":"SANTA ISABEL PODE PERDER MAIS DE MEIO MILH\u00c3O DESTINADO \u00c0 CULTURA"},"content":{"rendered":"<p>Santa Isabel, uma cidade reconhecida por sua rica diversidade cultural e art\u00edstica, est\u00e1 correndo o risco de perder uma oportunidade valiosa para impulsionar seu setor cultural. Com a aprova\u00e7\u00e3o da Lei Paulo Gustavo, que destinar\u00e1 uma quantia hist\u00f3rica de R$ 3,8 bilh\u00f5es ao setor cultural brasileiro at\u00e9 o final de 2023, Santa Isabel foi contemplada com pouco mais de R$ 514 mil. No entanto, a in\u00e9rcia da administra\u00e7\u00e3o municipal em apresentar um plano de a\u00e7\u00e3o pode resultar na perda desse montante significativo.<\/p>\n<p>O governo do prefeito Carlos Chinchilla e da vice-prefeita, tamb\u00e9m secret\u00e1ria municipal de cultura, Teresinha Pedroso, tem sido criticado pela falta de a\u00e7\u00e3o e pelo descaso em rela\u00e7\u00e3o ao setor cultural do munic\u00edpio. Conforme a ata do Conselho Municipal de Pol\u00edticas Culturais, publicado no di\u00e1rio oficial do munic\u00edpio, em uma assembl\u00e9ia ordin\u00e1ria, foi aprovado um requerimento solicitando o plano de a\u00e7\u00e3o e o planejamento da Secretaria Municipal de Cultura para o ano de 2023. No entanto, at\u00e9 o momento, o conselho n\u00e3o recebeu a documenta\u00e7\u00e3o necess\u00e1ria para an\u00e1lise e delibera\u00e7\u00e3o.<\/p>\n<p>\u00c9 preocupante observar que, mesmo ap\u00f3s a realiza\u00e7\u00e3o de um evento na C\u00e2mara Municipal sobre o tema e o an\u00fancio de um cadastro de artistas, n\u00e3o houve registros de audi\u00eancias p\u00fablicas nem participa\u00e7\u00e3o popular para a elabora\u00e7\u00e3o do plano de a\u00e7\u00e3o, conforme preconiza a Lei Paulo Gustavo. Essa falta de transpar\u00eancia e di\u00e1logo com a comunidade cultural de Santa Isabel coloca em risco a oportunidade de fortalecer o setor e gerar empregos para centenas de isabelenses que dependem da cultura como seu sustento.<\/p>\n<p>A cultura desempenha um papel fundamental na identidade de uma cidade e na qualidade de vida de seus habitantes. Al\u00e9m disso, \u00e9 uma importante fonte de renda para muitas fam\u00edlias, impulsionando a economia local. O montante destinado a Santa Isabel seria um investimento crucial para o desenvolvimento de atividades culturais, o apoio a agentes culturais e o fortalecimento de espa\u00e7os art\u00edsticos e culturais.<\/p>\n<p>\u00c9 urgente que a administra\u00e7\u00e3o municipal de Santa Isabel reveja suas prioridades e se empenhe em cumprir as exig\u00eancias da Lei Paulo Gustavo. O prazo para registrar os planos de a\u00e7\u00e3o dos munic\u00edpios se encerra em 60 dias, a partir de 12 de maio, e \u00e9 essencial que Santa Isabel apresente sua proposta a tempo de garantir o acesso a esse recurso valioso.<\/p>\n<p>A popula\u00e7\u00e3o de Santa Isabel espera que o governo municipal assuma a responsabilidade e tome medidas imediatas para elaborar e apresentar um plano de a\u00e7\u00e3o abrangente, atendendo aos requisitos da Lei Paulo Gustavo. A cultura merece ser valorizada e apoiada, e \u00e9 imprescind\u00edvel que o munic\u00edpio aproveite essa oportunidade para impulsionar seu setor cultural e proporcionar um futuro mais promissor para seus artistas e profissionais da \u00e1rea.<\/p>\n<p>Enquanto o prazo se aproxima, a comunidade cultural de Santa Isabel permanece apreensiva, na esperan\u00e7a de que o poder p\u00fablico cumpra seu papel e n\u00e3o deixe escapar.<\/p>\n","protected":false},"excerpt":{"rendered":"<p>Santa Isabel, uma cidade reconhecida por sua rica diversidade cultural e art\u00edstica, est\u00e1 correndo o risco de perder uma oportunidade valiosa para impulsionar seu setor cultural. Com a aprova\u00e7\u00e3o da Lei Paulo Gustavo, que destinar\u00e1 uma quantia hist\u00f3rica de R$ 3,8 bilh\u00f5es ao setor cultural brasileiro at\u00e9 o final de 2023, Santa Isabel foi contemplada [&hellip;]<\/p>\n","protected":false},"author":1,"featured_media":8951,"comment_status":"open","ping_status":"open","sticky":false,"template":"","format":"standard","meta":{"footnotes":""},"categories":[5],"tags":[],"class_list":{"0":"post-8950","1":"post","2":"type-post","3":"status-publish","4":"format-standard","5":"has-post-thumbnail","7":"category-santa-isabel"},"_links":{"self":[{"href":"https:\/\/jm-metropole.com.br\/site\/wp-json\/wp\/v2\/posts\/8950","targetHints":{"allow":["GET"]}}],"collection":[{"href":"https:\/\/jm-metropole.com.br\/site\/wp-json\/wp\/v2\/posts"}],"about":[{"href":"https:\/\/jm-metropole.com.br\/site\/wp-json\/wp\/v2\/types\/post"}],"author":[{"embeddable":true,"href":"https:\/\/jm-metropole.com.br\/site\/wp-json\/wp\/v2\/users\/1"}],"replies":[{"embeddable":true,"href":"https:\/\/jm-metropole.com.br\/site\/wp-json\/wp\/v2\/comments?post=8950"}],"version-history":[{"count":1,"href":"https:\/\/jm-metropole.com.br\/site\/wp-json\/wp\/v2\/posts\/8950\/revisions"}],"predecessor-version":[{"id":8952,"href":"https:\/\/jm-metropole.com.br\/site\/wp-json\/wp\/v2\/posts\/8950\/revisions\/8952"}],"wp:featuredmedia":[{"embeddable":true,"href":"https:\/\/jm-metropole.com.br\/site\/wp-json\/wp\/v2\/media\/8951"}],"wp:attachment":[{"href":"https:\/\/jm-metropole.com.br\/site\/wp-json\/wp\/v2\/media?parent=8950"}],"wp:term":[{"taxonomy":"category","embeddable":true,"href":"https:\/\/jm-metropole.com.br\/site\/wp-json\/wp\/v2\/categories?post=8950"},{"taxonomy":"post_tag","embeddable":true,"href":"https:\/\/jm-metropole.com.br\/site\/wp-json\/wp\/v2\/tags?post=8950"}],"curies":[{"name":"wp","href":"https:\/\/api.w.org\/{rel}","templated":true}]}}