{"id":8947,"date":"2023-05-11T16:41:55","date_gmt":"2023-05-11T19:41:55","guid":{"rendered":"https:\/\/jm-metropole.com.br\/site\/?p=8947"},"modified":"2023-05-11T16:41:55","modified_gmt":"2023-05-11T19:41:55","slug":"meio-ambiente-de-itaqua-inaugura-ecoponto-jardim-nascente-e-chega-a-9a-unidade-entregue","status":"publish","type":"post","link":"https:\/\/jm-metropole.com.br\/site\/meio-ambiente-de-itaqua-inaugura-ecoponto-jardim-nascente-e-chega-a-9a-unidade-entregue\/","title":{"rendered":"Meio Ambiente de Itaqu\u00e1 inaugura Ecoponto Jardim Nascente e chega \u00e0 9\u00aa unidade entregue"},"content":{"rendered":"<p>Unidade tem por objetivo refor\u00e7ar as a\u00e7\u00f5es de combate ao descarte irregular na cidade<\/p>\n<p>A Prefeitura de Itaquaqueceuba inaugurou, na \u00faltima quarta-feira (10), o Ecoponto Jardim Nascente, o 9\u00b0 entregue em menos de dois anos para refor\u00e7ar as a\u00e7\u00f5es de combate ao descarte irregular na cidade, al\u00e9m de conscientizar a popula\u00e7\u00e3o sobre a import\u00e2ncia de manter os espa\u00e7os p\u00fablicos limpos.<\/p>\n<p>A unidade fica na rua Jo\u00e3o Batista Pedroso, na altura do 315, e conta com 760 m\u00b2 de espa\u00e7o com cinco ca\u00e7ambas e um coletor de l\u00e2mpadas. O local funciona de segunda a s\u00e1bado, das 8h \u00e0s 17h.<\/p>\n<p>&#8220;Os ecopontos possuem um papel fundamental em Itaqu\u00e1 no combate ao descarte irregular e em rela\u00e7\u00e3o \u00e0 sa\u00fade p\u00fablica. Al\u00e9m disso, estamos deixando a cidade mais bonita. Aqui os moradores podem trazer os res\u00edduos que n\u00e3o s\u00e3o levados pela coleta comum&#8221;, disse a secret\u00e1ria de Meio Ambiente e Saneamento, Yasmin Zampieri.<\/p>\n<p>Assim como os outros oito ecopontos, a nova unidade pode receber m\u00f3veis desmontados, madeiras, recicl\u00e1veis, res\u00edduos de constru\u00e7\u00e3o civil e l\u00e2mpadas. Cada resid\u00eancia pode descartar o limite de um metro c\u00fabico (m\u00b3) por m\u00eas, o equivalente a dez sacos de cem litros.<\/p>\n<p>&#8220;Antes de eu assumir a prefeitura, n\u00e3o t\u00ednhamos nenhum ecoponto na cidade. Agora j\u00e1 s\u00e3o nove e a meta \u00e9 dobrar esse n\u00famero at\u00e9 o pr\u00f3ximo ano. Ao lado da Guarda Ambiental e das secretarias de Meio Ambiente e de Servi\u00e7os Urbanos, estamos transformando a cidade, aplicando leis e deixando ela mais bonita&#8221;, finalizou o prefeito Eduardo Boigues.<\/p>\n<p>Fotos: Caroline Assis e Dayane Oliveira<\/p>\n","protected":false},"excerpt":{"rendered":"<p>Unidade tem por objetivo refor\u00e7ar as a\u00e7\u00f5es de combate ao descarte irregular na cidade A Prefeitura de Itaquaqueceuba inaugurou, na \u00faltima quarta-feira (10), o Ecoponto Jardim Nascente, o 9\u00b0 entregue em menos de dois anos para refor\u00e7ar as a\u00e7\u00f5es de combate ao descarte irregular na cidade, al\u00e9m de conscientizar a popula\u00e7\u00e3o sobre a import\u00e2ncia de [&hellip;]<\/p>\n","protected":false},"author":1,"featured_media":8948,"comment_status":"open","ping_status":"open","sticky":false,"template":"","format":"standard","meta":{"footnotes":""},"categories":[6],"tags":[],"class_list":{"0":"post-8947","1":"post","2":"type-post","3":"status-publish","4":"format-standard","5":"has-post-thumbnail","7":"category-itaqua"},"_links":{"self":[{"href":"https:\/\/jm-metropole.com.br\/site\/wp-json\/wp\/v2\/posts\/8947","targetHints":{"allow":["GET"]}}],"collection":[{"href":"https:\/\/jm-metropole.com.br\/site\/wp-json\/wp\/v2\/posts"}],"about":[{"href":"https:\/\/jm-metropole.com.br\/site\/wp-json\/wp\/v2\/types\/post"}],"author":[{"embeddable":true,"href":"https:\/\/jm-metropole.com.br\/site\/wp-json\/wp\/v2\/users\/1"}],"replies":[{"embeddable":true,"href":"https:\/\/jm-metropole.com.br\/site\/wp-json\/wp\/v2\/comments?post=8947"}],"version-history":[{"count":1,"href":"https:\/\/jm-metropole.com.br\/site\/wp-json\/wp\/v2\/posts\/8947\/revisions"}],"predecessor-version":[{"id":8949,"href":"https:\/\/jm-metropole.com.br\/site\/wp-json\/wp\/v2\/posts\/8947\/revisions\/8949"}],"wp:featuredmedia":[{"embeddable":true,"href":"https:\/\/jm-metropole.com.br\/site\/wp-json\/wp\/v2\/media\/8948"}],"wp:attachment":[{"href":"https:\/\/jm-metropole.com.br\/site\/wp-json\/wp\/v2\/media?parent=8947"}],"wp:term":[{"taxonomy":"category","embeddable":true,"href":"https:\/\/jm-metropole.com.br\/site\/wp-json\/wp\/v2\/categories?post=8947"},{"taxonomy":"post_tag","embeddable":true,"href":"https:\/\/jm-metropole.com.br\/site\/wp-json\/wp\/v2\/tags?post=8947"}],"curies":[{"name":"wp","href":"https:\/\/api.w.org\/{rel}","templated":true}]}}