{"id":8944,"date":"2023-05-11T14:56:35","date_gmt":"2023-05-11T17:56:35","guid":{"rendered":"https:\/\/jm-metropole.com.br\/site\/?p=8944"},"modified":"2023-05-11T14:56:35","modified_gmt":"2023-05-11T17:56:35","slug":"festa-de-sao-benedito-tem-missas-procissoes-gastronomia-e-shows-neste-fim-de-semana-em-guararema","status":"publish","type":"post","link":"https:\/\/jm-metropole.com.br\/site\/festa-de-sao-benedito-tem-missas-procissoes-gastronomia-e-shows-neste-fim-de-semana-em-guararema\/","title":{"rendered":"Festa de S\u00e3o Benedito tem missas, prociss\u00f5es, gastronomia e shows neste fim de semana em Guararema"},"content":{"rendered":"<p>Tradicional evento em celebra\u00e7\u00e3o ao santo padroeiro da cidade ser\u00e1 realizada neste s\u00e1bado (13) e domingo (14), no bairro Nogueira<\/p>\n<p>Missas, prociss\u00f5es, barracas de comidas t\u00edpicas e shows musicais gratuitos. Tudo isso faz parte da tradicional Festa de S\u00e3o Benedito, o santo padroeiro de Guararema, que ser\u00e1 realizada neste fim de semana, no bairro Nogueira.<\/p>\n<p>Com apoio da Prefeitura de Guararema, a organiza\u00e7\u00e3o \u00e9 da Par\u00f3quia de S\u00e3o Benedito, que est\u00e1 instalada na Igreja Matriz de Guararema, com padre Valdenilson Pedro de Barros como P\u00e1roco, Jorge Luiz Franco Pereira e Fernanda Cristina de Melo Castilho como festeiros, Jos\u00e9 Carlos de Morais e Maria Cristina Ferreira de Morais como capit\u00e3es de mastro.<\/p>\n<p>A festa ser\u00e1 realizada na \u00e1rea de lazer \u2018Professora Luana Bernardo Jos\u00e9 Dos Santos\u2019, pr\u00f3xima a Esta\u00e7\u00e3o Ferrovi\u00e1ria Central. Em raz\u00e3o disso, a feira livre que costuma acontecer neste mesmo endere\u00e7o ser\u00e1 alterada para a rua Dr. Armindo especialmente nesta sexta-feira (12).<\/p>\n<p>Isso porque o espa\u00e7o j\u00e1 come\u00e7a a ser organizado para receber as celebra\u00e7\u00f5es a S\u00e3o Benedito entre as 18 horas e meia-noite, tanto no s\u00e1bado (13) como no domingo (14).<\/p>\n<p>No primeiro dia haver\u00e1 a\u00e7\u00e3o entre amigos \u00e0s 19 horas, santa missa presidida pelo padre L\u00e1zaro Teodoro \u00e0s 19h30 e show sertanejo com Matheus Alves \u00e0s 21h30.<\/p>\n<p>E no segundo dia os hor\u00e1rios s\u00e3o os mesmos, tanto para a a\u00e7\u00e3o entre amigos, a missa que ser\u00e1 conduzida pelo padre Leonardo Felix e a apresenta\u00e7\u00e3o sertaneja com Luara Sabrina.<\/p>\n<p>Tradi\u00e7\u00e3o em Guararema, a Festa de S\u00e3o Benedito re\u00fane pessoas de todas as idades que buscam momentos de f\u00e9, caridade, celebra\u00e7\u00e3o e reflex\u00e3o. Mais informa\u00e7\u00f5es sobre a programa\u00e7\u00e3o religiosa e cultural est\u00e3o dispon\u00edveis pelo telefone (11) 4693-1830.<\/p>\n","protected":false},"excerpt":{"rendered":"<p>Tradicional evento em celebra\u00e7\u00e3o ao santo padroeiro da cidade ser\u00e1 realizada neste s\u00e1bado (13) e domingo (14), no bairro Nogueira Missas, prociss\u00f5es, barracas de comidas t\u00edpicas e shows musicais gratuitos. Tudo isso faz parte da tradicional Festa de S\u00e3o Benedito, o santo padroeiro de Guararema, que ser\u00e1 realizada neste fim de semana, no bairro Nogueira. [&hellip;]<\/p>\n","protected":false},"author":1,"featured_media":8945,"comment_status":"open","ping_status":"open","sticky":false,"template":"","format":"standard","meta":{"footnotes":""},"categories":[8],"tags":[],"class_list":{"0":"post-8944","1":"post","2":"type-post","3":"status-publish","4":"format-standard","5":"has-post-thumbnail","7":"category-guararema"},"_links":{"self":[{"href":"https:\/\/jm-metropole.com.br\/site\/wp-json\/wp\/v2\/posts\/8944","targetHints":{"allow":["GET"]}}],"collection":[{"href":"https:\/\/jm-metropole.com.br\/site\/wp-json\/wp\/v2\/posts"}],"about":[{"href":"https:\/\/jm-metropole.com.br\/site\/wp-json\/wp\/v2\/types\/post"}],"author":[{"embeddable":true,"href":"https:\/\/jm-metropole.com.br\/site\/wp-json\/wp\/v2\/users\/1"}],"replies":[{"embeddable":true,"href":"https:\/\/jm-metropole.com.br\/site\/wp-json\/wp\/v2\/comments?post=8944"}],"version-history":[{"count":1,"href":"https:\/\/jm-metropole.com.br\/site\/wp-json\/wp\/v2\/posts\/8944\/revisions"}],"predecessor-version":[{"id":8946,"href":"https:\/\/jm-metropole.com.br\/site\/wp-json\/wp\/v2\/posts\/8944\/revisions\/8946"}],"wp:featuredmedia":[{"embeddable":true,"href":"https:\/\/jm-metropole.com.br\/site\/wp-json\/wp\/v2\/media\/8945"}],"wp:attachment":[{"href":"https:\/\/jm-metropole.com.br\/site\/wp-json\/wp\/v2\/media?parent=8944"}],"wp:term":[{"taxonomy":"category","embeddable":true,"href":"https:\/\/jm-metropole.com.br\/site\/wp-json\/wp\/v2\/categories?post=8944"},{"taxonomy":"post_tag","embeddable":true,"href":"https:\/\/jm-metropole.com.br\/site\/wp-json\/wp\/v2\/tags?post=8944"}],"curies":[{"name":"wp","href":"https:\/\/api.w.org\/{rel}","templated":true}]}}