{"id":8941,"date":"2023-05-11T14:55:00","date_gmt":"2023-05-11T17:55:00","guid":{"rendered":"https:\/\/jm-metropole.com.br\/site\/?p=8941"},"modified":"2023-05-11T14:55:00","modified_gmt":"2023-05-11T17:55:00","slug":"projeto-que-destina-parte-de-dinheiro-arrecadado-com-multas-para-custear-a-cnh-social-e-aprovado-na-camara","status":"publish","type":"post","link":"https:\/\/jm-metropole.com.br\/site\/projeto-que-destina-parte-de-dinheiro-arrecadado-com-multas-para-custear-a-cnh-social-e-aprovado-na-camara\/","title":{"rendered":"Projeto que destina parte de dinheiro arrecadado com multas para custear a CNH social \u00e9 aprovado na C\u00e2mara"},"content":{"rendered":"<p>Nesta quarta-feira (10), a C\u00e2mara dos Deputados aprovou o projeto de lei que direciona parte dos recursos arrecadados com multas de tr\u00e2nsito para a forma\u00e7\u00e3o de condutores de baixa renda \u2013 a CNH social.<\/p>\n<p>De acordo com o Projeto de Lei 3965\/21, do deputado Jos\u00e9 Guimar\u00e3es (PT-CE), aprovado com um substitutivo do deputado Alencar Santana (PT-SP), a receita para custear o processo de habilita\u00e7\u00e3o desses condutores englobar\u00e1 as taxas e demais despesas relativas ao processo de forma\u00e7\u00e3o de condutores e de concess\u00e3o da Carteira Nacional de Habilita\u00e7\u00e3o (CNH). A proposta ser\u00e1 enviada ao Senado.<\/p>\n<p>Para ter acesso \u00e0 CNH subsidiada dessa forma, o condutor deve estar inclu\u00eddo no Cadastro \u00danico para Programas Sociais do Governo Federal (Cad\u00danico). \u201cMuitas vezes, essas pessoas ficam sem condi\u00e7\u00f5es de acessar determinado mercado de trabalho, por isso este projeto vem em boa hora\u201d, defende Alencar.<\/p>\n<p>Atualmente, o C\u00f3digo de Tr\u00e2nsito Brasileiro prev\u00ea a aplica\u00e7\u00e3o dos recursos das multas para as seguintes finalidades, exclusivamente: sinaliza\u00e7\u00e3o; engenharia de tr\u00e1fego; engenharia de campo; policiamento; fiscaliza\u00e7\u00e3o; renova\u00e7\u00e3o de frota circulante; e educa\u00e7\u00e3o de tr\u00e2nsito.<\/p>\n","protected":false},"excerpt":{"rendered":"<p>Nesta quarta-feira (10), a C\u00e2mara dos Deputados aprovou o projeto de lei que direciona parte dos recursos arrecadados com multas de tr\u00e2nsito para a forma\u00e7\u00e3o de condutores de baixa renda \u2013 a CNH social. De acordo com o Projeto de Lei 3965\/21, do deputado Jos\u00e9 Guimar\u00e3es (PT-CE), aprovado com um substitutivo do deputado Alencar Santana [&hellip;]<\/p>\n","protected":false},"author":1,"featured_media":8942,"comment_status":"open","ping_status":"open","sticky":false,"template":"","format":"standard","meta":{"footnotes":""},"categories":[1],"tags":[],"class_list":{"0":"post-8941","1":"post","2":"type-post","3":"status-publish","4":"format-standard","5":"has-post-thumbnail","7":"category-tudo"},"_links":{"self":[{"href":"https:\/\/jm-metropole.com.br\/site\/wp-json\/wp\/v2\/posts\/8941","targetHints":{"allow":["GET"]}}],"collection":[{"href":"https:\/\/jm-metropole.com.br\/site\/wp-json\/wp\/v2\/posts"}],"about":[{"href":"https:\/\/jm-metropole.com.br\/site\/wp-json\/wp\/v2\/types\/post"}],"author":[{"embeddable":true,"href":"https:\/\/jm-metropole.com.br\/site\/wp-json\/wp\/v2\/users\/1"}],"replies":[{"embeddable":true,"href":"https:\/\/jm-metropole.com.br\/site\/wp-json\/wp\/v2\/comments?post=8941"}],"version-history":[{"count":1,"href":"https:\/\/jm-metropole.com.br\/site\/wp-json\/wp\/v2\/posts\/8941\/revisions"}],"predecessor-version":[{"id":8943,"href":"https:\/\/jm-metropole.com.br\/site\/wp-json\/wp\/v2\/posts\/8941\/revisions\/8943"}],"wp:featuredmedia":[{"embeddable":true,"href":"https:\/\/jm-metropole.com.br\/site\/wp-json\/wp\/v2\/media\/8942"}],"wp:attachment":[{"href":"https:\/\/jm-metropole.com.br\/site\/wp-json\/wp\/v2\/media?parent=8941"}],"wp:term":[{"taxonomy":"category","embeddable":true,"href":"https:\/\/jm-metropole.com.br\/site\/wp-json\/wp\/v2\/categories?post=8941"},{"taxonomy":"post_tag","embeddable":true,"href":"https:\/\/jm-metropole.com.br\/site\/wp-json\/wp\/v2\/tags?post=8941"}],"curies":[{"name":"wp","href":"https:\/\/api.w.org\/{rel}","templated":true}]}}