{"id":8938,"date":"2023-05-11T12:59:53","date_gmt":"2023-05-11T15:59:53","guid":{"rendered":"https:\/\/jm-metropole.com.br\/site\/?p=8938"},"modified":"2023-05-11T12:59:53","modified_gmt":"2023-05-11T15:59:53","slug":"cata-treco-atende-conjunto-marcos-freire-e-mais-nove-bairros-neste-fim-de-semana-2","status":"publish","type":"post","link":"https:\/\/jm-metropole.com.br\/site\/cata-treco-atende-conjunto-marcos-freire-e-mais-nove-bairros-neste-fim-de-semana-2\/","title":{"rendered":"Cata-Treco atende Conjunto Marcos Freire e mais nove bairros neste fim de semana \u00a0"},"content":{"rendered":"<p>Os caminh\u00f5es da opera\u00e7\u00e3o Cata-Treco da Prefeitura de Guarulhos percorrer\u00e3o neste\u00a0s\u00e1bado\u00a0(13) os bairros Conjunto Marcos Freire, S\u00edtio S\u00e3o Francisco e Jardim Maria do Carmo. J\u00e1 no\u00a0domingo\u00a0(14) ser\u00e3o atendidos Jardim Alice, Jardim dos Olivas, Jardim Jacy, Jardim Guaracy, Jardim Anny, Vila Laurita e Jardim L\u00edbano.<\/p>\n<p>A a\u00e7\u00e3o da Secretaria de Servi\u00e7os P\u00fablicos consiste no recolhimento de m\u00f3veis velhos, colch\u00f5es, eletrodom\u00e9sticos, materiais de coleta seletiva e outros inserv\u00edveis.<br \/>\nPara utilizar o Cata-Treco os moradores dos endere\u00e7os atendidos devem deixar os itens que desejam descartar na frente de suas resid\u00eancias at\u00e9 as 9h do dia da passagem do caminh\u00e3o, sem atrapalhar os pedestres e o tr\u00e2nsito.<\/p>\n<p>A opera\u00e7\u00e3o n\u00e3o recolhe entulho, lixo\u00a0dom\u00e9stico e animais mortos. No site\u00a0https:\/\/guarulhos.sp.gov.br\/catatreco\u00a0os moradores podem consultar os endere\u00e7os contemplados e mais informa\u00e7\u00f5es sobre como utilizar o servi\u00e7o.<\/p>\n<p>Confira a programa\u00e7\u00e3o<\/p>\n<p>Dia 13,\u00a0s\u00e1bado<\/p>\n<p>Conjunto Marcos Freire<br \/>\nRua 1, rua 10, rua 11, rua 12, rua 13, rua 14, rua 15, rua 16, rua 17, rua 18, rua 19, rua 2, rua 20, rua 21, rua 22, rua 23, rua 24, rua 25, rua 26, rua 27, rua 3, rua 4, rua 6, rua 7, rua 8, rua 9, avenida Marginal Sul, avenida Norte e Sul, rua Vinte e Oito, rua do Poente.<\/p>\n<p>S\u00edtio S\u00e3o Francisco<br \/>\nRua 13, rua Agostinho Jos\u00e9 Ruivo, rua Agostinho Ruivo, rua An\u00e9zio Ruivo, rua Cinco, rua Dez A, rua Dez, rua Dona N\u00e9ra, rua Doze, rua Montes Claros, rua Nelson Ferraz, avenida Norte Sul, rua Nove, rua Oito, rua Oito-B, rua Onze, rua Padre Dorindo de Oliveira Matias, rua Particular, rua Particular Seis, travessa Particular Seis, rua Santiago, rua Seis, rua Treze A, rua Trinta, rua Trinta e Dois, rua Um, rua Vinte e Nove, rua do Campo, rua dos Coqueiros, rua Diva Lima dos Santos, rua Grimaldo Bonfim dos Reis, rua Tries, rua Projetada, rua Dois A, viela Esmeralda, rua Trinta e Tr\u00eas, avenida Marginal Norte Direita, rua S\u00e3o Carlos, rua Avar\u00e9, rua Sete\u00a0de Setembro, rua Centen\u00e1rio, rua Angola, rua Raul Seixas, rua Jo\u00e3o de Barros, rua Dos L\u00edrios, rua Sitio S\u00e3o Francisco, viela Soweto, rua \u00c1guia Dourada, rua Brasil, rua Bananeiras, rua Arco Verde, rua S\u00e3o Matins, estrada do Sacramento, rua Jo\u00e3o Pessoa, rua Belo Horizonte.<\/p>\n<p>Jardim Maria do Carmo<br \/>\nRua Alzira Barbosa de Souza, rua Domingos Bispo de Oliveira, rua Jos\u00e9 Am\u00e9rico Pereira, rua Manoel Viana de Souza, rua Sebasti\u00e3o Justino da Silva.<\/p>\n<p>Dia 14,\u00a0domingo<\/p>\n<p>Jardim\u00a0Alice<br \/>\nEstrada Itaquaquecetuba (at\u00e9 o n\u00ba 300), rua A (rua Napole\u00e3o Pacheco da Silva), rua Albertina Duarte Leite, rua Alice Ramalho de Oliveira, rua Amador de Jesus Mora Bueno, rua Ant\u00f4nio Dias dos Santos, rua Ant\u00f4nio Doganelli, rua Dez, rua Florindo Felipe, rua Ida Righi, rua Jo\u00e3o Moretti, rua Napole\u00e3o Pacheco da Silva, rua Raminho Ant\u00f4nio de Freitas, rua Ricardo da Fonseca, rua Vit\u00f3ria, estrada do Itaim.<\/p>\n<p>Jardim dos Olivas<br \/>\nCaminho Existente, rua Dois, rua Jos\u00e9 Ferreira Santos, rua Jos\u00e9 Roberto de Souza, rua Nove, rua Oito, rua Particular, rua Quatro, rua Seis, rua Sete, rua Tr\u00eas, rua Um, rua das Marmelhas, rua das Noivas, rua do Com\u00e9rcio, viela Marmelhas.<\/p>\n<p>Jardim Jacy<br \/>\nRua Antonietta Bernardette Souza de Sant&#8217;Ana, rua Ant\u00f4nio Luiz da Silva, rua Ant\u00f4nio Tatsukiko Baba, rua Arealva, rua Boa Esperan\u00e7a do Sol, rua Cachoeira do Sul, rua Candel\u00e1ria, rua Carana\u00edba, rua Cinco de Oliveira, rua Iacanga, rua Ibat\u00e9, rua Ituvera, rua Joaquina Scherepel Pedroso, rua Lageado, rua Lins, rua Lucian\u00f3polis, rua Luiz da Cruz Pedroso, rua Macajuba, rua Nova Europa, rua Nova Ol\u00edmpia, rua Nova Palma, rua Parati, rua Piraju\u00ed, rua Rio Pardo, rua Santa F\u00e9 de Minas, rua Sud Menucci, rua S\u00e3o Geraldo da Piedade, rua S\u00e3o Jos\u00e9 do Sabugi, rua S\u00e3o Miguel dos Milagres, rua S\u00e3o Sebasti\u00e3o da Passe, rua Tur\u00edbio Pinto de Carvalho, viela Am\u00e9rico Brasiliense, viela Ava\u00ed, viela Cabr\u00e1lia Paulista, viela Floreal, viela Joaquim Pires, viela Pereira Barreto, viela Ponga\u00ed, viela Presidente Alves, viela S\u00e3o Tom\u00e9, viela Um, viela Valbinos.<\/p>\n<p>Jardim Guaracy<br \/>\nAvenida Jabuticaba, avenida Surubim, avenida da Granja, rua Alecrim, rua Alian\u00e7a, rua Cacique, rua Dourados, rua Jaburam, rua Particular, rua Projetada, rua Simone Monteiro de Oliveira, rua da Creche, rua do Esporte, rua do Mec\u00e2nico, rua do Milharal, rua do Padeiro, rua dos Cabeleireiros, rua dos Farmac\u00eauticos, rua dos Policiais, rua dos Vigilantes.<\/p>\n<p>Jardim Anny<br \/>\nRua Alpestre, rua Braga, rua Constantina, rua Iraci, rua Jupira, rua S\u00e3o Francisco Conde, rua Yara, rua da Divisa.<\/p>\n<p>Vila Laurita<br \/>\nAvenida Cordeir\u00f3polis, avenida da Esta\u00e7\u00e3o (at\u00e9 o n\u00ba 500), rua Cristiani, rua Olaria Norberto, rua Santa Cruz do Arari, rua Santo Ant\u00f4nio do Jacinto, rua S\u00e3o Jo\u00e3o do Araguaia, rua \u00c9dipo, viela Indaiatuba.<\/p>\n<p>Jardim L\u00edbano<br \/>\nRua Um, rua Dois, rua Tr\u00eas, rua Quarto, rua Cinco, rua Seis, rua Oito, rua Nove, rua Dez, rua Onze.<\/p>\n<p>Foto: Jackson Argolo\/PMG<\/p>\n","protected":false},"excerpt":{"rendered":"<p>Os caminh\u00f5es da opera\u00e7\u00e3o Cata-Treco da Prefeitura de Guarulhos percorrer\u00e3o neste\u00a0s\u00e1bado\u00a0(13) os bairros Conjunto Marcos Freire, S\u00edtio S\u00e3o Francisco e Jardim Maria do Carmo. J\u00e1 no\u00a0domingo\u00a0(14) ser\u00e3o atendidos Jardim Alice, Jardim dos Olivas, Jardim Jacy, Jardim Guaracy, Jardim Anny, Vila Laurita e Jardim L\u00edbano. A a\u00e7\u00e3o da Secretaria de Servi\u00e7os P\u00fablicos consiste no recolhimento de [&hellip;]<\/p>\n","protected":false},"author":1,"featured_media":8939,"comment_status":"open","ping_status":"open","sticky":false,"template":"","format":"standard","meta":{"footnotes":""},"categories":[3],"tags":[],"class_list":{"0":"post-8938","1":"post","2":"type-post","3":"status-publish","4":"format-standard","5":"has-post-thumbnail","7":"category-guarulhos"},"_links":{"self":[{"href":"https:\/\/jm-metropole.com.br\/site\/wp-json\/wp\/v2\/posts\/8938","targetHints":{"allow":["GET"]}}],"collection":[{"href":"https:\/\/jm-metropole.com.br\/site\/wp-json\/wp\/v2\/posts"}],"about":[{"href":"https:\/\/jm-metropole.com.br\/site\/wp-json\/wp\/v2\/types\/post"}],"author":[{"embeddable":true,"href":"https:\/\/jm-metropole.com.br\/site\/wp-json\/wp\/v2\/users\/1"}],"replies":[{"embeddable":true,"href":"https:\/\/jm-metropole.com.br\/site\/wp-json\/wp\/v2\/comments?post=8938"}],"version-history":[{"count":1,"href":"https:\/\/jm-metropole.com.br\/site\/wp-json\/wp\/v2\/posts\/8938\/revisions"}],"predecessor-version":[{"id":8940,"href":"https:\/\/jm-metropole.com.br\/site\/wp-json\/wp\/v2\/posts\/8938\/revisions\/8940"}],"wp:featuredmedia":[{"embeddable":true,"href":"https:\/\/jm-metropole.com.br\/site\/wp-json\/wp\/v2\/media\/8939"}],"wp:attachment":[{"href":"https:\/\/jm-metropole.com.br\/site\/wp-json\/wp\/v2\/media?parent=8938"}],"wp:term":[{"taxonomy":"category","embeddable":true,"href":"https:\/\/jm-metropole.com.br\/site\/wp-json\/wp\/v2\/categories?post=8938"},{"taxonomy":"post_tag","embeddable":true,"href":"https:\/\/jm-metropole.com.br\/site\/wp-json\/wp\/v2\/tags?post=8938"}],"curies":[{"name":"wp","href":"https:\/\/api.w.org\/{rel}","templated":true}]}}