{"id":8929,"date":"2023-05-11T09:06:57","date_gmt":"2023-05-11T12:06:57","guid":{"rendered":"https:\/\/jm-metropole.com.br\/site\/?p=8929"},"modified":"2023-05-11T09:06:57","modified_gmt":"2023-05-11T12:06:57","slug":"secretaria-da-mulher-de-poa-promove-campanha-dona-chica","status":"publish","type":"post","link":"https:\/\/jm-metropole.com.br\/site\/secretaria-da-mulher-de-poa-promove-campanha-dona-chica\/","title":{"rendered":"Secretaria da Mulher de Po\u00e1 promove campanha \u201cDona Chica\u201d"},"content":{"rendered":"<p>Campanha tem objetivo de arrecadar absorventes que ser\u00e3o doados para adolescentes e mulheres em situa\u00e7\u00e3o de vulnerabilidade econ\u00f4mica<\/p>\n<p>A Secretaria da Mulher de Po\u00e1, a partir desta quarta-feira (10\/05), promove a campanha \u201cDona Chica \u2013 Absorva Essa Ideia\u201d. A doa\u00e7\u00e3o dos absorventes pode ser feita na sede da Pasta, localizada na rua Fernando Pinheiro Franco, n\u00ba 141, no Centro, de segunda a sexta-feira, das 09 \u00e0s 17 horas, no per\u00edodo de 10 a 30 de maio.<\/p>\n<p>A campanha, realizada a primeira vez no ano de 2021, tem objetivo de arrecadar doa\u00e7\u00f5es de absorventes que ser\u00e3o destinados para adolescentes e mulheres matriculadas nas escolas municipais e estaduais que se encontram em situa\u00e7\u00e3o de vulnerabilidade econ\u00f4mica.<\/p>\n<p>\u201cEstamos em mais um ano buscando ajudar essas meninas e mulheres que precisam desses produtos. Pe\u00e7o que os mun\u00edcipes que puderem, fa\u00e7am sua doa\u00e7\u00e3o e ajudem nessa causa\u201d, disse a chefe da Pasta, Maria da Gra\u00e7a Chaia Marques.<\/p>\n<p>Para realizar doa\u00e7\u00f5es de absorventes para a campanha \u201cDona Chica \u2013 Absorva Essa Ideia\u201d, basta comparecer \u00e0 sede da Secretaria da Mulher, localizada na rua Fernando Pinheiro Franco, 141, na regi\u00e3o central de Po\u00e1, de segunda a sexta-feira, das 9 \u00e0s 17 horas.<\/p>\n<p>Foto: Secom \u2013 Po\u00e1<\/p>\n","protected":false},"excerpt":{"rendered":"<p>Campanha tem objetivo de arrecadar absorventes que ser\u00e3o doados para adolescentes e mulheres em situa\u00e7\u00e3o de vulnerabilidade econ\u00f4mica A Secretaria da Mulher de Po\u00e1, a partir desta quarta-feira (10\/05), promove a campanha \u201cDona Chica \u2013 Absorva Essa Ideia\u201d. A doa\u00e7\u00e3o dos absorventes pode ser feita na sede da Pasta, localizada na rua Fernando Pinheiro Franco, [&hellip;]<\/p>\n","protected":false},"author":1,"featured_media":8930,"comment_status":"open","ping_status":"open","sticky":false,"template":"","format":"standard","meta":{"footnotes":""},"categories":[19],"tags":[],"class_list":{"0":"post-8929","1":"post","2":"type-post","3":"status-publish","4":"format-standard","5":"has-post-thumbnail","7":"category-poa"},"_links":{"self":[{"href":"https:\/\/jm-metropole.com.br\/site\/wp-json\/wp\/v2\/posts\/8929","targetHints":{"allow":["GET"]}}],"collection":[{"href":"https:\/\/jm-metropole.com.br\/site\/wp-json\/wp\/v2\/posts"}],"about":[{"href":"https:\/\/jm-metropole.com.br\/site\/wp-json\/wp\/v2\/types\/post"}],"author":[{"embeddable":true,"href":"https:\/\/jm-metropole.com.br\/site\/wp-json\/wp\/v2\/users\/1"}],"replies":[{"embeddable":true,"href":"https:\/\/jm-metropole.com.br\/site\/wp-json\/wp\/v2\/comments?post=8929"}],"version-history":[{"count":1,"href":"https:\/\/jm-metropole.com.br\/site\/wp-json\/wp\/v2\/posts\/8929\/revisions"}],"predecessor-version":[{"id":8931,"href":"https:\/\/jm-metropole.com.br\/site\/wp-json\/wp\/v2\/posts\/8929\/revisions\/8931"}],"wp:featuredmedia":[{"embeddable":true,"href":"https:\/\/jm-metropole.com.br\/site\/wp-json\/wp\/v2\/media\/8930"}],"wp:attachment":[{"href":"https:\/\/jm-metropole.com.br\/site\/wp-json\/wp\/v2\/media?parent=8929"}],"wp:term":[{"taxonomy":"category","embeddable":true,"href":"https:\/\/jm-metropole.com.br\/site\/wp-json\/wp\/v2\/categories?post=8929"},{"taxonomy":"post_tag","embeddable":true,"href":"https:\/\/jm-metropole.com.br\/site\/wp-json\/wp\/v2\/tags?post=8929"}],"curies":[{"name":"wp","href":"https:\/\/api.w.org\/{rel}","templated":true}]}}