{"id":8926,"date":"2023-05-11T09:04:36","date_gmt":"2023-05-11T12:04:36","guid":{"rendered":"https:\/\/jm-metropole.com.br\/site\/?p=8926"},"modified":"2023-05-11T09:04:36","modified_gmt":"2023-05-11T12:04:36","slug":"gcm-de-poa-apreende-280-involucros-de-entorpecentes-na-vila-perracine","status":"publish","type":"post","link":"https:\/\/jm-metropole.com.br\/site\/gcm-de-poa-apreende-280-involucros-de-entorpecentes-na-vila-perracine\/","title":{"rendered":"GCM de Po\u00e1 apreende 280 inv\u00f3lucros de entorpecentes na Vila Perracine"},"content":{"rendered":"<p>A\u00e7\u00e3o foi realizada na \u00faltima ter\u00e7a-feira (9\/05); agentes confiscaram subst\u00e2ncias an\u00e1logas a crack, coca\u00edna e maconha<\/p>\n<p>A Guarda Civil Municipal (GCM) de Po\u00e1 apreendeu na tarde desta \u00faltima ter\u00e7a-feira (9\/05) no bairro Vila Perracine, 280 inv\u00f3lucros de entorpecentes. Dentre as subst\u00e2ncias apreendidas estavam crack, coca\u00edna e maconha.<\/p>\n<p>Segundo o comandante da GCM de Po\u00e1, Jos\u00e9 Ferreira de Souza, a equipe da guarda realizava patrulhamento preventivo em um local j\u00e1 conhecido pela venda e uso de entorpercentes quando avistou um indiv\u00edduo em atitude suspeita segurando uma mochila.<\/p>\n<p>\u201cAp\u00f3s a equipe emitir a ordem de parada para a realiza\u00e7\u00e3o da abordagem, o indiv\u00edduo disparou em fuga para um lugar desconhecido deixando a bolsa para tr\u00e1s. Na mochila foram encontrados 141 inv\u00f3lucros de crack, 27 subst\u00e2ncias an\u00e1logas a coca\u00edna e 112 subst\u00e2ncias an\u00e1logas a maconha\u201d, disse o comandante da GCM de Po\u00e1, Jos\u00e9 Ferreira de Souza.<\/p>\n<p>Diante dos fatos, os agentes da GCM se dirigiram at\u00e9 a Delegacia de Pol\u00edcia de Po\u00e1 para apresentar os entorpecentes ao delegado de plant\u00e3o.<\/p>\n<p>Foto: Divulga\u00e7\u00e3o \/ Secretaria de Seguran\u00e7a Urbana \u2013 Po\u00e1<\/p>\n","protected":false},"excerpt":{"rendered":"<p>A\u00e7\u00e3o foi realizada na \u00faltima ter\u00e7a-feira (9\/05); agentes confiscaram subst\u00e2ncias an\u00e1logas a crack, coca\u00edna e maconha A Guarda Civil Municipal (GCM) de Po\u00e1 apreendeu na tarde desta \u00faltima ter\u00e7a-feira (9\/05) no bairro Vila Perracine, 280 inv\u00f3lucros de entorpecentes. Dentre as subst\u00e2ncias apreendidas estavam crack, coca\u00edna e maconha. Segundo o comandante da GCM de Po\u00e1, Jos\u00e9 [&hellip;]<\/p>\n","protected":false},"author":1,"featured_media":8927,"comment_status":"open","ping_status":"open","sticky":false,"template":"","format":"standard","meta":{"footnotes":""},"categories":[19],"tags":[],"class_list":{"0":"post-8926","1":"post","2":"type-post","3":"status-publish","4":"format-standard","5":"has-post-thumbnail","7":"category-poa"},"_links":{"self":[{"href":"https:\/\/jm-metropole.com.br\/site\/wp-json\/wp\/v2\/posts\/8926","targetHints":{"allow":["GET"]}}],"collection":[{"href":"https:\/\/jm-metropole.com.br\/site\/wp-json\/wp\/v2\/posts"}],"about":[{"href":"https:\/\/jm-metropole.com.br\/site\/wp-json\/wp\/v2\/types\/post"}],"author":[{"embeddable":true,"href":"https:\/\/jm-metropole.com.br\/site\/wp-json\/wp\/v2\/users\/1"}],"replies":[{"embeddable":true,"href":"https:\/\/jm-metropole.com.br\/site\/wp-json\/wp\/v2\/comments?post=8926"}],"version-history":[{"count":1,"href":"https:\/\/jm-metropole.com.br\/site\/wp-json\/wp\/v2\/posts\/8926\/revisions"}],"predecessor-version":[{"id":8928,"href":"https:\/\/jm-metropole.com.br\/site\/wp-json\/wp\/v2\/posts\/8926\/revisions\/8928"}],"wp:featuredmedia":[{"embeddable":true,"href":"https:\/\/jm-metropole.com.br\/site\/wp-json\/wp\/v2\/media\/8927"}],"wp:attachment":[{"href":"https:\/\/jm-metropole.com.br\/site\/wp-json\/wp\/v2\/media?parent=8926"}],"wp:term":[{"taxonomy":"category","embeddable":true,"href":"https:\/\/jm-metropole.com.br\/site\/wp-json\/wp\/v2\/categories?post=8926"},{"taxonomy":"post_tag","embeddable":true,"href":"https:\/\/jm-metropole.com.br\/site\/wp-json\/wp\/v2\/tags?post=8926"}],"curies":[{"name":"wp","href":"https:\/\/api.w.org\/{rel}","templated":true}]}}