{"id":8923,"date":"2023-05-11T09:02:30","date_gmt":"2023-05-11T12:02:30","guid":{"rendered":"https:\/\/jm-metropole.com.br\/site\/?p=8923"},"modified":"2023-05-11T09:02:30","modified_gmt":"2023-05-11T12:02:30","slug":"com-palestra-networking-e-tour-guararema-realiza-evento-industria-de-portas-abertas","status":"publish","type":"post","link":"https:\/\/jm-metropole.com.br\/site\/com-palestra-networking-e-tour-guararema-realiza-evento-industria-de-portas-abertas\/","title":{"rendered":"Com palestra, networking e tour, Guararema realiza evento Ind\u00fastria de Portas Abertas"},"content":{"rendered":"<p>Nesta quarta-feira (10), a\u00e7\u00e3o da Secretaria Municipal de Emprego e Desenvolvimento Econ\u00f4mico teve palestra sobre tecnologia e inova\u00e7\u00e3o com tour pela Brazilglass, uma das maiores ind\u00fastrias de vidros do Brasil, situada em Guararema<\/p>\n<p>Para que os empres\u00e1rios e empreendedores de Guararema possam se conectar cada vez mais com o setor industrial de Guararema, a Secretaria Municipal de Emprego e Desenvolvimento Econ\u00f4mico realiza uma s\u00e9rie de a\u00e7\u00f5es, como palestras e encontros. Um destes eventos \u00e9 o programa Ind\u00fastria de Portas Abertas, que nesta quarta-feira (10) levou cerca de 50 pessoas a conhecer a Brazilglass, a maior beneficiadora de vidros planos do Brasil.<\/p>\n<p>Esta \u00e9 uma das atividades da 1\u00aa Jornada Industrial de Guararema, que ao longo do m\u00eas de maio tamb\u00e9m contar\u00e1 com a Unidade M\u00f3vel Senai Conectividade 5G no estacionamento do Recanto do Am\u00e9rico (Parque do Pau D\u2019alho), entre os dias 22 e 26, e tamb\u00e9m o 8\u00ba Caf\u00e9 de Neg\u00f3cios das Ind\u00fastrias de Guararema, que ser\u00e1 realizado no dia 25, no Restaurante Recanto da Tra\u00edra, e est\u00e1 com inscri\u00e7\u00f5es gratuitas para a participa\u00e7\u00e3o de empresas (saiba mais em https:\/\/cafedenegocios.guararema.sp.gov.br\/).<\/p>\n<p>Nesta quarta-feira (10), representantes de diferentes segmentos, como escrit\u00f3rios de arquitetura, montagem de portas e janelas, borrachas e muito mais foram recepcionados com um welcome coffee, e na sequ\u00eancia foram conduzidos ao sal\u00e3o de eventos, onde o vice-prefeito e secret\u00e1rio municipal de Emprego e Desenvolvimento Econ\u00f4mico, Odvane Rodrigues, agradeceu a presen\u00e7a de todos e falou da import\u00e2ncia do evento.<\/p>\n<p>\u201cEstamos reunindo aqui pessoas que fazem parte da rica hist\u00f3ria da ind\u00fastria, com\u00e9rcio e servi\u00e7os de Guararema. Temos muito a agradecer a cada um de voc\u00eas, pois se n\u00e3o fosse essa uni\u00e3o, tudo seria diferente\u201d, disse ele, que enalteceu a Brazilglass por abrir as portas e receber o grupo de mun\u00edcipes.<\/p>\n<p>Na sequ\u00eancia, Ernani Francisco Fernandes, especialista em tecnologia do Servi\u00e7o Brasileiro de Apoio \u00e0s Micro e Pequenas Empresas (Sebrae), ministrou uma palestra sobre o projeto Jornada de Transforma\u00e7\u00e3o Digital. Ele apresentou t\u00e9cnicas e recursos que permitem que \u201ca ind\u00fastria se torne cada vez mais competitiva e eficiente\u201d, como impress\u00e3o 3D, Ambiente Comum de Dados e tamb\u00e9m linhas de financiamento que podem impulsionar a evolu\u00e7\u00e3o empresarial.<\/p>\n<p>Ap\u00f3s esta fala, houve uma breve apresenta\u00e7\u00e3o sobre a Brazilglass, cujo representante, Jacinto Marques, recebeu um kit de produtos t\u00edpicos de Guararema, como cacha\u00e7a e geleia. A equipe da ind\u00fastria pediu aos participantes para que se sentissem \u00e0 vontade em fazer perguntas, entregou \u00f3culos de prote\u00e7\u00e3o e protetores auriculares a todos, e ent\u00e3o teve in\u00edcio um tour pela f\u00e1brica, que tem 26 mil metros quadrados de \u00e1rea constru\u00edda.<\/p>\n<p>Divididos em tr\u00eas grupos, os empres\u00e1rios e empreendedores de Guararema conheceram as v\u00e1rias etapas da manipula\u00e7\u00e3o e processamento de vidros, que recebem tratamentos e acabamentos espec\u00edficos no parque industrial da empresa, que fica no bairro Lambari, em Guararema.<\/p>\n<p>\u201cNossa miss\u00e3o \u00e9 proporcionar momentos de integra\u00e7\u00e3o entre empres\u00e1rios e ind\u00fastrias, mas tamb\u00e9m e principalmente entre pessoas. Em um momento descontra\u00eddo, criamos ambiente favor\u00e1vel ao networking e ao conhecimento e aprendizado\u201d, comemora Odvane.<\/p>\n<p>O programa Ind\u00fastria de Portas Abertas \u00e9 desenvolvido pela Secretaria Municipal de Emprego e Desenvolvimento Econ\u00f4mico de Guararema, que tamb\u00e9m organiza outros eventos e cursos. Mais informa\u00e7\u00f5es sobre as a\u00e7\u00f5es est\u00e3o dispon\u00edveis no site oficial da cidade, https:\/\/guararema.sp.gov.br\/, pelo telefone (11) 4693-1717 ou presencialmente ao n\u00famero 12 da rua 19 de Setembro.<\/p>\n","protected":false},"excerpt":{"rendered":"<p>Nesta quarta-feira (10), a\u00e7\u00e3o da Secretaria Municipal de Emprego e Desenvolvimento Econ\u00f4mico teve palestra sobre tecnologia e inova\u00e7\u00e3o com tour pela Brazilglass, uma das maiores ind\u00fastrias de vidros do Brasil, situada em Guararema Para que os empres\u00e1rios e empreendedores de Guararema possam se conectar cada vez mais com o setor industrial de Guararema, a Secretaria [&hellip;]<\/p>\n","protected":false},"author":1,"featured_media":8924,"comment_status":"open","ping_status":"open","sticky":false,"template":"","format":"standard","meta":{"footnotes":""},"categories":[8],"tags":[],"class_list":{"0":"post-8923","1":"post","2":"type-post","3":"status-publish","4":"format-standard","5":"has-post-thumbnail","7":"category-guararema"},"_links":{"self":[{"href":"https:\/\/jm-metropole.com.br\/site\/wp-json\/wp\/v2\/posts\/8923","targetHints":{"allow":["GET"]}}],"collection":[{"href":"https:\/\/jm-metropole.com.br\/site\/wp-json\/wp\/v2\/posts"}],"about":[{"href":"https:\/\/jm-metropole.com.br\/site\/wp-json\/wp\/v2\/types\/post"}],"author":[{"embeddable":true,"href":"https:\/\/jm-metropole.com.br\/site\/wp-json\/wp\/v2\/users\/1"}],"replies":[{"embeddable":true,"href":"https:\/\/jm-metropole.com.br\/site\/wp-json\/wp\/v2\/comments?post=8923"}],"version-history":[{"count":1,"href":"https:\/\/jm-metropole.com.br\/site\/wp-json\/wp\/v2\/posts\/8923\/revisions"}],"predecessor-version":[{"id":8925,"href":"https:\/\/jm-metropole.com.br\/site\/wp-json\/wp\/v2\/posts\/8923\/revisions\/8925"}],"wp:featuredmedia":[{"embeddable":true,"href":"https:\/\/jm-metropole.com.br\/site\/wp-json\/wp\/v2\/media\/8924"}],"wp:attachment":[{"href":"https:\/\/jm-metropole.com.br\/site\/wp-json\/wp\/v2\/media?parent=8923"}],"wp:term":[{"taxonomy":"category","embeddable":true,"href":"https:\/\/jm-metropole.com.br\/site\/wp-json\/wp\/v2\/categories?post=8923"},{"taxonomy":"post_tag","embeddable":true,"href":"https:\/\/jm-metropole.com.br\/site\/wp-json\/wp\/v2\/tags?post=8923"}],"curies":[{"name":"wp","href":"https:\/\/api.w.org\/{rel}","templated":true}]}}