{"id":8920,"date":"2023-05-11T08:02:14","date_gmt":"2023-05-11T11:02:14","guid":{"rendered":"https:\/\/jm-metropole.com.br\/site\/?p=8920"},"modified":"2023-05-11T08:02:14","modified_gmt":"2023-05-11T11:02:14","slug":"gcm-resgata-crianca-em-situacao-de-risco-e-vulnerabilidade-social-no-jardim-bom-clima","status":"publish","type":"post","link":"https:\/\/jm-metropole.com.br\/site\/gcm-resgata-crianca-em-situacao-de-risco-e-vulnerabilidade-social-no-jardim-bom-clima\/","title":{"rendered":"GCM resgata crian\u00e7a em situa\u00e7\u00e3o de risco e vulnerabilidade social no Jardim Bom Clima"},"content":{"rendered":"<p>A Guarda Civil Municipal (GCM) de Guarulhos resgatou na madrugada desta\u00a0quarta-feira (10) uma crian\u00e7a de tr\u00eas anos em situa\u00e7\u00e3o de risco e vulnerabilidade social no Jardim Bom Clima. Durante um patrulhamento preventivo os agentes ouviram seu choro e a encontraram com a m\u00e3e, de 40 anos, que estava embriagada, sem condi\u00e7\u00f5es f\u00edsicas e psicol\u00f3gicas de proteger a filha naquele momento.<\/p>\n<p>Os guardas intervieram, conduzindo-as ao Hospital Municipal de Urg\u00eancias (HMU), onde ambas foram avaliadas pelos m\u00e9dicos. Com a chegada da conselheira tutelar, as a\u00e7\u00f5es se concentraram em assegurar a prioridade absoluta e integral \u00e0 crian\u00e7a, conforme definido na Constitui\u00e7\u00e3o Federal de 1988 e no Estatuto da Crian\u00e7a e do Adolescente (ECA).<\/p>\n<p>A m\u00e3e permaneceu em atendimento m\u00e9dico e ser\u00e1 assistida pelo servi\u00e7o social da Prefeitura de Guarulhos. Em casos que envolvem pessoas com v\u00edcio em \u00e1lcool e outras subst\u00e2ncias t\u00f3xicas, as medidas de prote\u00e7\u00e3o s\u00e3o diversas, dentre elas orienta\u00e7\u00e3o, apoio e acompanhamento tempor\u00e1rio, inclus\u00e3o em programas comunit\u00e1rios ou de aux\u00edlio \u00e0 fam\u00edlia, crian\u00e7as e adolescentes, requerimento de tratamento m\u00e9dico, psicol\u00f3gico ou psiqui\u00e1trico e at\u00e9 a coloca\u00e7\u00e3o em fam\u00edlia substituta.<br \/>\nO Conselho Tutelar Tabo\u00e3o acompanhar\u00e1 o caso com vistas a garantir as melhores condi\u00e7\u00f5es \u00e0 crian\u00e7a.<\/p>\n<p>Foto: M\u00e1rcio Lino\/PMG<\/p>\n","protected":false},"excerpt":{"rendered":"<p>A Guarda Civil Municipal (GCM) de Guarulhos resgatou na madrugada desta\u00a0quarta-feira (10) uma crian\u00e7a de tr\u00eas anos em situa\u00e7\u00e3o de risco e vulnerabilidade social no Jardim Bom Clima. Durante um patrulhamento preventivo os agentes ouviram seu choro e a encontraram com a m\u00e3e, de 40 anos, que estava embriagada, sem condi\u00e7\u00f5es f\u00edsicas e psicol\u00f3gicas de [&hellip;]<\/p>\n","protected":false},"author":1,"featured_media":8921,"comment_status":"open","ping_status":"open","sticky":false,"template":"","format":"standard","meta":{"footnotes":""},"categories":[3],"tags":[],"class_list":{"0":"post-8920","1":"post","2":"type-post","3":"status-publish","4":"format-standard","5":"has-post-thumbnail","7":"category-guarulhos"},"_links":{"self":[{"href":"https:\/\/jm-metropole.com.br\/site\/wp-json\/wp\/v2\/posts\/8920","targetHints":{"allow":["GET"]}}],"collection":[{"href":"https:\/\/jm-metropole.com.br\/site\/wp-json\/wp\/v2\/posts"}],"about":[{"href":"https:\/\/jm-metropole.com.br\/site\/wp-json\/wp\/v2\/types\/post"}],"author":[{"embeddable":true,"href":"https:\/\/jm-metropole.com.br\/site\/wp-json\/wp\/v2\/users\/1"}],"replies":[{"embeddable":true,"href":"https:\/\/jm-metropole.com.br\/site\/wp-json\/wp\/v2\/comments?post=8920"}],"version-history":[{"count":1,"href":"https:\/\/jm-metropole.com.br\/site\/wp-json\/wp\/v2\/posts\/8920\/revisions"}],"predecessor-version":[{"id":8922,"href":"https:\/\/jm-metropole.com.br\/site\/wp-json\/wp\/v2\/posts\/8920\/revisions\/8922"}],"wp:featuredmedia":[{"embeddable":true,"href":"https:\/\/jm-metropole.com.br\/site\/wp-json\/wp\/v2\/media\/8921"}],"wp:attachment":[{"href":"https:\/\/jm-metropole.com.br\/site\/wp-json\/wp\/v2\/media?parent=8920"}],"wp:term":[{"taxonomy":"category","embeddable":true,"href":"https:\/\/jm-metropole.com.br\/site\/wp-json\/wp\/v2\/categories?post=8920"},{"taxonomy":"post_tag","embeddable":true,"href":"https:\/\/jm-metropole.com.br\/site\/wp-json\/wp\/v2\/tags?post=8920"}],"curies":[{"name":"wp","href":"https:\/\/api.w.org\/{rel}","templated":true}]}}