{"id":8917,"date":"2023-05-11T06:59:07","date_gmt":"2023-05-11T09:59:07","guid":{"rendered":"https:\/\/jm-metropole.com.br\/site\/?p=8917"},"modified":"2023-05-11T06:59:07","modified_gmt":"2023-05-11T09:59:07","slug":"refis-prefeitura-de-santa-isabel-realizara-plantao-para-negociacao-de-debitos","status":"publish","type":"post","link":"https:\/\/jm-metropole.com.br\/site\/refis-prefeitura-de-santa-isabel-realizara-plantao-para-negociacao-de-debitos\/","title":{"rendered":"REFIS: PREFEITURA DE SANTA ISABEL REALIZAR\u00c1 PLANT\u00c3O PARA NEGOCIA\u00c7\u00c3O DE D\u00c9BITOS"},"content":{"rendered":"<p>A Prefeitura de Santa Isabel realizar\u00e1 neste s\u00e1bado (13\/05) o primeiro plant\u00e3o do Refis 2023. Entre \u00e0s 09h e \u00e0s 12h, os contribuintes de Santa Isabel poder\u00e3o negociar seus d\u00e9bitos.<\/p>\n<p>O atendimento ser\u00e1 prestado pela equipe da Secretaria de Assuntos Jur\u00eddicos no terceiro andar da Prefeitura. O objetivo da a\u00e7\u00e3o \u00e9 trazer uma oportunidade a mais para quem n\u00e3o tem tempo de ir \u00e0 Prefeitura em dias \u00fateis.<\/p>\n<p>O REFIS 2023 \u00e9 destinado a promover a recupera\u00e7\u00e3o de cr\u00e9ditos para o Munic\u00edpio, decorrentes de d\u00e9bitos de pessoas f\u00edsicas e jur\u00eddicas, como IPTU, ISS, Multas entre outros tributos administrados pela Prefeitura de Santa Isabel. A a\u00e7\u00e3o que beneficia os contribuintes que est\u00e3o em d\u00e9bito com a Prefeitura ocorrer\u00e1 at\u00e9 o dia 30 de novembro.<\/p>\n<p>O Refis permite que as negocia\u00e7\u00f5es sejam contempladas com descontos de at\u00e9 100% em juros e multas, para o pagamento \u00e0 vista, desde que atendam os crit\u00e9rios pr\u00e9-estabelecidos pelo programa.<\/p>\n<p>Os valores das parcelas n\u00e3o podem ser inferiores a R$ 50,00, para pessoas f\u00edsicas e R$200,00 para pessoas jur\u00eddicas. De acordo com a Lei Complementar 235\/2023, os descontos nos juros e multas variam de acordo com a forma de pagamento, sendo:<\/p>\n<p>100% de desconto para pagamentos \u00e0 vista;<\/p>\n<p>85% de desconto para pagamentos em at\u00e9 6 parcelas;<\/p>\n<p>70% de desconto para pagamentos em at\u00e9 12 parcelas;<\/p>\n<p>55% de desconto para pagamentos em at\u00e9 18 parcelas;<\/p>\n<p>40% de desconto para pagamentos em at\u00e9 24 parcelas;<\/p>\n<p>E 25% de desconto para pagamentos em at\u00e9 30 parcelas.<\/p>\n<p>DOCUMENTA\u00c7\u00c3O NECESS\u00c1RIA<\/p>\n<p>Para garantir um atendimento eficiente, ao se dirigir \u00e0 Prefeitura de Santa Isabel, o contribuinte isabelense deve ter em m\u00e3os os seguintes documentos:<\/p>\n<p>&#8211; Declara\u00e7\u00e3o escrita de pr\u00f3prio punho afirmando encontrar-se em posse do im\u00f3vel o qual recai a d\u00edvida;<\/p>\n<p>&#8211; Fatura demonstrando consumo de luz, \u00e1gua ou liga\u00e7\u00e3o de telefone em seu nome. Tamb\u00e9m ser\u00e1 v\u00e1lido qualquer outro documento que comprove resid\u00eancia no endere\u00e7o em quest\u00e3o.<\/p>\n<p>ATENDIMENTO<\/p>\n<p>O Plant\u00e3o que ocorre neste s\u00e1bado (13\/05), ser\u00e1 das 09h \u00e0s 12h. J\u00e1 em dias \u00fateis, o atendimento \u00e9 das 08h \u00e0s 17h.<\/p>\n<p>Para efetivar a ades\u00e3o ao programa basta que o Contribuinte compare\u00e7a na Avenida da Rep\u00fablica, 530 &#8211; 3\u00b0 andar, no Departamento de D\u00edvida Ativa e Execu\u00e7\u00e3o Fiscal.<\/p>\n<p>Os telefones para contato s\u00e3o: (11) 4656-8724 e 4656-8793 ou pelo WhatsApp: 4656-8720 e 4656-8729.<\/p>\n","protected":false},"excerpt":{"rendered":"<p>A Prefeitura de Santa Isabel realizar\u00e1 neste s\u00e1bado (13\/05) o primeiro plant\u00e3o do Refis 2023. Entre \u00e0s 09h e \u00e0s 12h, os contribuintes de Santa Isabel poder\u00e3o negociar seus d\u00e9bitos. O atendimento ser\u00e1 prestado pela equipe da Secretaria de Assuntos Jur\u00eddicos no terceiro andar da Prefeitura. O objetivo da a\u00e7\u00e3o \u00e9 trazer uma oportunidade a [&hellip;]<\/p>\n","protected":false},"author":1,"featured_media":8918,"comment_status":"open","ping_status":"open","sticky":false,"template":"","format":"standard","meta":{"footnotes":""},"categories":[5],"tags":[],"class_list":{"0":"post-8917","1":"post","2":"type-post","3":"status-publish","4":"format-standard","5":"has-post-thumbnail","7":"category-santa-isabel"},"_links":{"self":[{"href":"https:\/\/jm-metropole.com.br\/site\/wp-json\/wp\/v2\/posts\/8917","targetHints":{"allow":["GET"]}}],"collection":[{"href":"https:\/\/jm-metropole.com.br\/site\/wp-json\/wp\/v2\/posts"}],"about":[{"href":"https:\/\/jm-metropole.com.br\/site\/wp-json\/wp\/v2\/types\/post"}],"author":[{"embeddable":true,"href":"https:\/\/jm-metropole.com.br\/site\/wp-json\/wp\/v2\/users\/1"}],"replies":[{"embeddable":true,"href":"https:\/\/jm-metropole.com.br\/site\/wp-json\/wp\/v2\/comments?post=8917"}],"version-history":[{"count":1,"href":"https:\/\/jm-metropole.com.br\/site\/wp-json\/wp\/v2\/posts\/8917\/revisions"}],"predecessor-version":[{"id":8919,"href":"https:\/\/jm-metropole.com.br\/site\/wp-json\/wp\/v2\/posts\/8917\/revisions\/8919"}],"wp:featuredmedia":[{"embeddable":true,"href":"https:\/\/jm-metropole.com.br\/site\/wp-json\/wp\/v2\/media\/8918"}],"wp:attachment":[{"href":"https:\/\/jm-metropole.com.br\/site\/wp-json\/wp\/v2\/media?parent=8917"}],"wp:term":[{"taxonomy":"category","embeddable":true,"href":"https:\/\/jm-metropole.com.br\/site\/wp-json\/wp\/v2\/categories?post=8917"},{"taxonomy":"post_tag","embeddable":true,"href":"https:\/\/jm-metropole.com.br\/site\/wp-json\/wp\/v2\/tags?post=8917"}],"curies":[{"name":"wp","href":"https:\/\/api.w.org\/{rel}","templated":true}]}}