{"id":888,"date":"2022-06-13T21:33:44","date_gmt":"2022-06-14T00:33:44","guid":{"rendered":"https:\/\/jm-metropole.com.br\/site\/?p=888"},"modified":"2022-06-13T21:33:44","modified_gmt":"2022-06-14T00:33:44","slug":"guararema-sedia-finais-da-copa-da-liga-paulista-de-futsal-com-ginasio-lotado","status":"publish","type":"post","link":"https:\/\/jm-metropole.com.br\/site\/guararema-sedia-finais-da-copa-da-liga-paulista-de-futsal-com-ginasio-lotado\/","title":{"rendered":"Guararema sedia finais da Copa da Liga Paulista de Futsal com gin\u00e1sio lotado"},"content":{"rendered":"<p>Jogos aconteceram no Gin\u00e1sio de Esportes L\u00e1zaro Germano no \u00faltimo s\u00e1bado (11)<br \/>\nGuararema sediou as finais da Copa da Liga Paulista de Futsal, categorias sub 20 e principal, masculino e feminino, no \u00faltimo s\u00e1bado (11) com participa\u00e7\u00e3o de grande p\u00fablico. O evento contou com todo apoio da Secretaria Municipal de Esportes e Lazer e foi totalmente gratuito.<\/p>\n<p>Os jogos foram selecionados pela comiss\u00e3o organizadora para acontecer no Gin\u00e1sio de Esportes L\u00e1zaro Germano,\u00a0pelo espa\u00e7o contar com uma estrutura completa e preparada para receber a competi\u00e7\u00e3o.<\/p>\n<p>Na categoria sub-20 feminino, o Guaruja\/Col\u00e9gio Objetivo derrotou o Cats Tabo\u00e3o derrotou pelo placar de 4 a 2. E na categoria principal feminino, as grandes campe\u00e3s foram as meninas do A. Ferrovi\u00e1ria Esportes que venceram seu duelo contra a ASF S\u00e3o Carlos Futsal por 3 a 2.<\/p>\n<p>J\u00e1 na categoria sub-20 masculino, o Inter Mogi derrotou o Reis Futsal pelo placar de 3 a 0. E na categoria principal masculino, os grandes campe\u00f5es foram os jogadores do Bar\u00e3o de Mau\u00e1\/Ribeir\u00e3o Preto que venceram o duelo contra o Taubat\u00e9 Futsal por 5 a 3.<\/p>\n<p>\u201cFoi uma grande honra para Guararema receber e poder contribuir com nossa estrutura em uma competi\u00e7\u00e3o desse n\u00edvel. O evento foi um sucesso, contou com a dedica\u00e7\u00e3o e garra dos atletas, al\u00e9m das vibra\u00e7\u00f5es de um grande p\u00fablico\u201d, disse o secret\u00e1rio de Esportes e Lazer, Sidnei Leal.<\/p>\n<p>Cr\u00e9ditos fotos:\u00a0Wanderley<\/p>\n","protected":false},"excerpt":{"rendered":"<p>Jogos aconteceram no Gin\u00e1sio de Esportes L\u00e1zaro Germano no \u00faltimo s\u00e1bado (11) Guararema sediou as finais da Copa da Liga Paulista de Futsal, categorias sub 20 e principal, masculino e feminino, no \u00faltimo s\u00e1bado (11) com participa\u00e7\u00e3o de grande p\u00fablico. O evento contou com todo apoio da Secretaria Municipal de Esportes e Lazer e foi [&hellip;]<\/p>\n","protected":false},"author":1,"featured_media":889,"comment_status":"open","ping_status":"open","sticky":false,"template":"","format":"standard","meta":{"footnotes":""},"categories":[1],"tags":[],"class_list":{"0":"post-888","1":"post","2":"type-post","3":"status-publish","4":"format-standard","5":"has-post-thumbnail","7":"category-tudo"},"_links":{"self":[{"href":"https:\/\/jm-metropole.com.br\/site\/wp-json\/wp\/v2\/posts\/888","targetHints":{"allow":["GET"]}}],"collection":[{"href":"https:\/\/jm-metropole.com.br\/site\/wp-json\/wp\/v2\/posts"}],"about":[{"href":"https:\/\/jm-metropole.com.br\/site\/wp-json\/wp\/v2\/types\/post"}],"author":[{"embeddable":true,"href":"https:\/\/jm-metropole.com.br\/site\/wp-json\/wp\/v2\/users\/1"}],"replies":[{"embeddable":true,"href":"https:\/\/jm-metropole.com.br\/site\/wp-json\/wp\/v2\/comments?post=888"}],"version-history":[{"count":2,"href":"https:\/\/jm-metropole.com.br\/site\/wp-json\/wp\/v2\/posts\/888\/revisions"}],"predecessor-version":[{"id":891,"href":"https:\/\/jm-metropole.com.br\/site\/wp-json\/wp\/v2\/posts\/888\/revisions\/891"}],"wp:featuredmedia":[{"embeddable":true,"href":"https:\/\/jm-metropole.com.br\/site\/wp-json\/wp\/v2\/media\/889"}],"wp:attachment":[{"href":"https:\/\/jm-metropole.com.br\/site\/wp-json\/wp\/v2\/media?parent=888"}],"wp:term":[{"taxonomy":"category","embeddable":true,"href":"https:\/\/jm-metropole.com.br\/site\/wp-json\/wp\/v2\/categories?post=888"},{"taxonomy":"post_tag","embeddable":true,"href":"https:\/\/jm-metropole.com.br\/site\/wp-json\/wp\/v2\/tags?post=888"}],"curies":[{"name":"wp","href":"https:\/\/api.w.org\/{rel}","templated":true}]}}