{"id":8490,"date":"2023-04-25T13:47:27","date_gmt":"2023-04-25T16:47:27","guid":{"rendered":"https:\/\/jm-metropole.com.br\/site\/?p=8490"},"modified":"2023-04-25T13:47:27","modified_gmt":"2023-04-25T16:47:27","slug":"guarulhos-recebe-a-40a-edicao-da-festa-das-nacoes-nos-dias-20-e-21-de-maio","status":"publish","type":"post","link":"https:\/\/jm-metropole.com.br\/site\/guarulhos-recebe-a-40a-edicao-da-festa-das-nacoes-nos-dias-20-e-21-de-maio\/","title":{"rendered":"Guarulhos recebe a 40\u00aa edi\u00e7\u00e3o da Festa das Na\u00e7\u00f5es nos dias 20 e\u00a021 de maio"},"content":{"rendered":"<p>O Santu\u00e1rio S\u00e3o Judas Tadeu, na Vila Harmonia, receber\u00e1 nos dias 20 e\u00a021 de maio\u00a0a 40\u00aa edi\u00e7\u00e3o da Festa das Na\u00e7\u00f5es, considerada a maior feira gastron\u00f4mica de Guarulhos. Com o apoio da Prefeitura, a par\u00f3quia realiza anualmente o evento, que re\u00fane mais de 20 barracas e 60 comidas t\u00edpicas.<br \/>\nA festa pertence ao calend\u00e1rio oficial da cidade e traz refer\u00eancias da culin\u00e1ria de pa\u00edses como Estados Unidos, Jap\u00e3o, Portugal e It\u00e1lia, entre outros, sendo o tempur\u00e1 e a macarronada alguns dos pratos mais aguardados. Em 2022 o evento recebeu cerca de 10 mil pessoas durante o fim de semana e, para este ano, projeta aumentar esse n\u00famero em 20%.<br \/>\n\u201cTemos profunda gratid\u00e3o por todos os respons\u00e1veis pela festa ser o\u00a0s\u00edmbolo que \u00e9\u00a0hoje, na qual recebemos pessoas de todas as regi\u00f5es de Guarulhos e das cidades vizinhas para celebrar a vida em comunidade. Estamos mais do que preparados para receber todo mundo!\u201d, comentou o padre Welson Nogueira, p\u00e1roco do santu\u00e1rio.<br \/>\nServi\u00e7o<br \/>\n40\u00aa Festa das Na\u00e7\u00f5es<br \/>\nDatas e hor\u00e1rios:<br \/>\n20 de maio\u00a0(s\u00e1bado), das 11h \u00e0s 22h (com missa \u00e0s 17h)<br \/>\n21 de maio\u00a0(domingo), das 11h \u00e0s 21h (com missas \u00e0s 7h, \u00e0s 9h, \u00e0s 11h e \u00e0s 18h)<br \/>\nLocal: Santu\u00e1rio S\u00e3o Judas Tadeu (saojudasguarulhos.com.br). Rua da Verdade, 269, Vila Harmonia<\/p>\n","protected":false},"excerpt":{"rendered":"<p>O Santu\u00e1rio S\u00e3o Judas Tadeu, na Vila Harmonia, receber\u00e1 nos dias 20 e\u00a021 de maio\u00a0a 40\u00aa edi\u00e7\u00e3o da Festa das Na\u00e7\u00f5es, considerada a maior feira gastron\u00f4mica de Guarulhos. Com o apoio da Prefeitura, a par\u00f3quia realiza anualmente o evento, que re\u00fane mais de 20 barracas e 60 comidas t\u00edpicas. A festa pertence ao calend\u00e1rio oficial [&hellip;]<\/p>\n","protected":false},"author":1,"featured_media":8491,"comment_status":"open","ping_status":"open","sticky":false,"template":"","format":"standard","meta":{"footnotes":""},"categories":[3],"tags":[],"class_list":{"0":"post-8490","1":"post","2":"type-post","3":"status-publish","4":"format-standard","5":"has-post-thumbnail","7":"category-guarulhos"},"_links":{"self":[{"href":"https:\/\/jm-metropole.com.br\/site\/wp-json\/wp\/v2\/posts\/8490","targetHints":{"allow":["GET"]}}],"collection":[{"href":"https:\/\/jm-metropole.com.br\/site\/wp-json\/wp\/v2\/posts"}],"about":[{"href":"https:\/\/jm-metropole.com.br\/site\/wp-json\/wp\/v2\/types\/post"}],"author":[{"embeddable":true,"href":"https:\/\/jm-metropole.com.br\/site\/wp-json\/wp\/v2\/users\/1"}],"replies":[{"embeddable":true,"href":"https:\/\/jm-metropole.com.br\/site\/wp-json\/wp\/v2\/comments?post=8490"}],"version-history":[{"count":1,"href":"https:\/\/jm-metropole.com.br\/site\/wp-json\/wp\/v2\/posts\/8490\/revisions"}],"predecessor-version":[{"id":8492,"href":"https:\/\/jm-metropole.com.br\/site\/wp-json\/wp\/v2\/posts\/8490\/revisions\/8492"}],"wp:featuredmedia":[{"embeddable":true,"href":"https:\/\/jm-metropole.com.br\/site\/wp-json\/wp\/v2\/media\/8491"}],"wp:attachment":[{"href":"https:\/\/jm-metropole.com.br\/site\/wp-json\/wp\/v2\/media?parent=8490"}],"wp:term":[{"taxonomy":"category","embeddable":true,"href":"https:\/\/jm-metropole.com.br\/site\/wp-json\/wp\/v2\/categories?post=8490"},{"taxonomy":"post_tag","embeddable":true,"href":"https:\/\/jm-metropole.com.br\/site\/wp-json\/wp\/v2\/tags?post=8490"}],"curies":[{"name":"wp","href":"https:\/\/api.w.org\/{rel}","templated":true}]}}