{"id":8487,"date":"2023-04-25T13:45:42","date_gmt":"2023-04-25T16:45:42","guid":{"rendered":"https:\/\/jm-metropole.com.br\/site\/?p=8487"},"modified":"2023-04-25T13:45:42","modified_gmt":"2023-04-25T16:45:42","slug":"em-itaqua-reforma-da-ubs-jardim-fortuna-e-concluida-e-recebe-ultima-vistoria","status":"publish","type":"post","link":"https:\/\/jm-metropole.com.br\/site\/em-itaqua-reforma-da-ubs-jardim-fortuna-e-concluida-e-recebe-ultima-vistoria\/","title":{"rendered":"Em Itaqu\u00e1, reforma da UBS Jardim Fortuna \u00e9 conclu\u00edda e recebe \u00faltima vistoria"},"content":{"rendered":"<p>Unidade vai receber mob\u00edlia nos pr\u00f3ximos dias<\/p>\n<p>A reforma da Unidade B\u00e1sica de Sa\u00fade (UBS) Jardim Fortuna, em Itaquaquecetuba, chegou ao fim e na \u00faltima segunda-feira (24) recebeu a vistoria t\u00e9cnica final da Secretaria de Sa\u00fade. A obra come\u00e7ou em julho do ano passado a custo zero para o munic\u00edpio.<\/p>\n<p>A vistoria foi acompanhada de perto pela secret\u00e1ria de Sa\u00fade, Ariana Juli\u00e3o, t\u00e9cnicos da pasta, representantes da construtora e da Ibia\u00e7u Empreendimentos, respons\u00e1vel pelo custeio de R$ 2 milh\u00f5es da obra. A \u00faltima etapa \u00e9 a instala\u00e7\u00e3o da mob\u00edlia, que ser\u00e1 feita nos pr\u00f3ximos dias.<\/p>\n<p>&#8220;A UBS Fortuna \u00e9 exemplo do que uma grande parceria pode proporcionar. T\u00ednhamos um espa\u00e7o abandonado que se transformou com a nova cobertura, piso, portas, janelas e toda a ambienta\u00e7\u00e3o que uma UBS precisa. Estou muito feliz com o resultado&#8221;, disse a secret\u00e1ria.<\/p>\n<p>Com 561 m\u00b2 de \u00e1rea, o local passou por uma reconstru\u00e7\u00e3o completa, desde a implanta\u00e7\u00e3o de uma nova funda\u00e7\u00e3o, recupera\u00e7\u00e3o da estrutura de alvenaria que existia, nova pintura, instala\u00e7\u00f5es hidr\u00e1ulicas e at\u00e9 trabalhos externos.<\/p>\n<p>&#8220;Estamos reconstruindo a cidade e com muitas obras em andamento ao mesmo tempo. A sa\u00fade \u00e9 uma das prioridades da gest\u00e3o e por isso sempre tivemos como meta retomar as obras paradas e reformar as unidades que j\u00e1 existem&#8221;, destacou o secret\u00e1rio de Governo e Obras, Marcello Barbosa.<\/p>\n<p>&#8220;Quem via a UBS Jardim Fortuna de antes e a de hoje n\u00e3o acredita que \u00e9 o mesmo lugar. Tudo feito com carinho para acolher nossos mun\u00edcipes. Uma grande obra que tiramos do papel e que est\u00e1 praticamente pronta para ser entregue&#8221;, completou o prefeito Eduardo Boigues.<\/p>\n<p>Foto: Dayane Oliveira<\/p>\n","protected":false},"excerpt":{"rendered":"<p>Unidade vai receber mob\u00edlia nos pr\u00f3ximos dias A reforma da Unidade B\u00e1sica de Sa\u00fade (UBS) Jardim Fortuna, em Itaquaquecetuba, chegou ao fim e na \u00faltima segunda-feira (24) recebeu a vistoria t\u00e9cnica final da Secretaria de Sa\u00fade. A obra come\u00e7ou em julho do ano passado a custo zero para o munic\u00edpio. A vistoria foi acompanhada de [&hellip;]<\/p>\n","protected":false},"author":1,"featured_media":8488,"comment_status":"open","ping_status":"open","sticky":false,"template":"","format":"standard","meta":{"footnotes":""},"categories":[6],"tags":[],"class_list":{"0":"post-8487","1":"post","2":"type-post","3":"status-publish","4":"format-standard","5":"has-post-thumbnail","7":"category-itaqua"},"_links":{"self":[{"href":"https:\/\/jm-metropole.com.br\/site\/wp-json\/wp\/v2\/posts\/8487","targetHints":{"allow":["GET"]}}],"collection":[{"href":"https:\/\/jm-metropole.com.br\/site\/wp-json\/wp\/v2\/posts"}],"about":[{"href":"https:\/\/jm-metropole.com.br\/site\/wp-json\/wp\/v2\/types\/post"}],"author":[{"embeddable":true,"href":"https:\/\/jm-metropole.com.br\/site\/wp-json\/wp\/v2\/users\/1"}],"replies":[{"embeddable":true,"href":"https:\/\/jm-metropole.com.br\/site\/wp-json\/wp\/v2\/comments?post=8487"}],"version-history":[{"count":1,"href":"https:\/\/jm-metropole.com.br\/site\/wp-json\/wp\/v2\/posts\/8487\/revisions"}],"predecessor-version":[{"id":8489,"href":"https:\/\/jm-metropole.com.br\/site\/wp-json\/wp\/v2\/posts\/8487\/revisions\/8489"}],"wp:featuredmedia":[{"embeddable":true,"href":"https:\/\/jm-metropole.com.br\/site\/wp-json\/wp\/v2\/media\/8488"}],"wp:attachment":[{"href":"https:\/\/jm-metropole.com.br\/site\/wp-json\/wp\/v2\/media?parent=8487"}],"wp:term":[{"taxonomy":"category","embeddable":true,"href":"https:\/\/jm-metropole.com.br\/site\/wp-json\/wp\/v2\/categories?post=8487"},{"taxonomy":"post_tag","embeddable":true,"href":"https:\/\/jm-metropole.com.br\/site\/wp-json\/wp\/v2\/tags?post=8487"}],"curies":[{"name":"wp","href":"https:\/\/api.w.org\/{rel}","templated":true}]}}