{"id":8474,"date":"2023-04-25T08:27:23","date_gmt":"2023-04-25T11:27:23","guid":{"rendered":"https:\/\/jm-metropole.com.br\/site\/?p=8474"},"modified":"2023-04-25T08:27:23","modified_gmt":"2023-04-25T11:27:23","slug":"defesa-civil-de-itaqua-participa-de-treinamento-para-a-operacao-estiagem","status":"publish","type":"post","link":"https:\/\/jm-metropole.com.br\/site\/defesa-civil-de-itaqua-participa-de-treinamento-para-a-operacao-estiagem\/","title":{"rendered":"Defesa Civil de Itaqu\u00e1 participa de treinamento para a Opera\u00e7\u00e3o Estiagem"},"content":{"rendered":"<p>Corpo de Bombeiros, SAMU e demais \u00f3rg\u00e3os de seguran\u00e7a tamb\u00e9m estiveram presentes<\/p>\n<p>A Defesa Civil de Itaquaquecetuba participou, na \u00faltima semana, de uma oficina preparat\u00f3ria para a Opera\u00e7\u00e3o Estiagem, que vai refor\u00e7ar os atendimentos \u00e0s ocorr\u00eancias de queimadas em vegeta\u00e7\u00e3o, comum neste per\u00edodo do ano. O treinamento de emerg\u00eancia ocorreu em Suzano e contou com a participa\u00e7\u00e3o do Corpo de Bombeiros, SAMU e demais \u00f3rg\u00e3os de seguran\u00e7a urbana do Alto Tiet\u00ea.<\/p>\n<p>Os agentes acompanharam uma s\u00e9rie de atividades, como a simula\u00e7\u00e3o de atendimento em casos de emerg\u00eancia, deslocamento imediato de agentes e viaturas, acionamento de apoio e procedimentos de primeiros socorros.<\/p>\n<p>&#8220;Uma Defesa Civil bem equipada e treinada \u00e9 o que a torna ainda mais efetiva nas ocorr\u00eancias. Recentemente recebemos novos equipamentos e viaturas, o que nos ajuda na preven\u00e7\u00e3o e atendimento tamb\u00e9m nos casos de estiagem&#8221;, disse o coordenador da Defesa Civil do munic\u00edpio, Anderson Marchiori.<\/p>\n<p>No \u00faltimo ano, o \u00f3rg\u00e3o de Itaquaquecetuba recebeu quatro viaturas zero\/km, um gerador, uma barraca e duas motosserras do governo estadual. O refor\u00e7o garantiu agilidade e amplia\u00e7\u00e3o na capacidade de atendimento dos agentes.<\/p>\n<p>&#8220;Itaquaquecetuba vem evoluindo diariamente e isso pode ser comprovado com as nossas for\u00e7as de seguran\u00e7a que est\u00e3o nas ruas todos os dias no atendimento \u00e0 popula\u00e7\u00e3o. Esse treinamento eleva ainda mais o n\u00edvel t\u00e9cnico dos nossos profissionais e quem ganha \u00e9 a cidade&#8221;, completou o prefeito Eduardo Boigues.<\/p>\n","protected":false},"excerpt":{"rendered":"<p>Corpo de Bombeiros, SAMU e demais \u00f3rg\u00e3os de seguran\u00e7a tamb\u00e9m estiveram presentes A Defesa Civil de Itaquaquecetuba participou, na \u00faltima semana, de uma oficina preparat\u00f3ria para a Opera\u00e7\u00e3o Estiagem, que vai refor\u00e7ar os atendimentos \u00e0s ocorr\u00eancias de queimadas em vegeta\u00e7\u00e3o, comum neste per\u00edodo do ano. O treinamento de emerg\u00eancia ocorreu em Suzano e contou com [&hellip;]<\/p>\n","protected":false},"author":1,"featured_media":8475,"comment_status":"open","ping_status":"open","sticky":false,"template":"","format":"standard","meta":{"footnotes":""},"categories":[6],"tags":[],"class_list":{"0":"post-8474","1":"post","2":"type-post","3":"status-publish","4":"format-standard","5":"has-post-thumbnail","7":"category-itaqua"},"_links":{"self":[{"href":"https:\/\/jm-metropole.com.br\/site\/wp-json\/wp\/v2\/posts\/8474","targetHints":{"allow":["GET"]}}],"collection":[{"href":"https:\/\/jm-metropole.com.br\/site\/wp-json\/wp\/v2\/posts"}],"about":[{"href":"https:\/\/jm-metropole.com.br\/site\/wp-json\/wp\/v2\/types\/post"}],"author":[{"embeddable":true,"href":"https:\/\/jm-metropole.com.br\/site\/wp-json\/wp\/v2\/users\/1"}],"replies":[{"embeddable":true,"href":"https:\/\/jm-metropole.com.br\/site\/wp-json\/wp\/v2\/comments?post=8474"}],"version-history":[{"count":1,"href":"https:\/\/jm-metropole.com.br\/site\/wp-json\/wp\/v2\/posts\/8474\/revisions"}],"predecessor-version":[{"id":8476,"href":"https:\/\/jm-metropole.com.br\/site\/wp-json\/wp\/v2\/posts\/8474\/revisions\/8476"}],"wp:featuredmedia":[{"embeddable":true,"href":"https:\/\/jm-metropole.com.br\/site\/wp-json\/wp\/v2\/media\/8475"}],"wp:attachment":[{"href":"https:\/\/jm-metropole.com.br\/site\/wp-json\/wp\/v2\/media?parent=8474"}],"wp:term":[{"taxonomy":"category","embeddable":true,"href":"https:\/\/jm-metropole.com.br\/site\/wp-json\/wp\/v2\/categories?post=8474"},{"taxonomy":"post_tag","embeddable":true,"href":"https:\/\/jm-metropole.com.br\/site\/wp-json\/wp\/v2\/tags?post=8474"}],"curies":[{"name":"wp","href":"https:\/\/api.w.org\/{rel}","templated":true}]}}