{"id":8468,"date":"2023-04-25T04:50:38","date_gmt":"2023-04-25T07:50:38","guid":{"rendered":"https:\/\/jm-metropole.com.br\/site\/?p=8468"},"modified":"2023-04-25T04:50:38","modified_gmt":"2023-04-25T07:50:38","slug":"trem-experimental-para-aparecida-ocorrera-em-outubro-2023","status":"publish","type":"post","link":"https:\/\/jm-metropole.com.br\/site\/trem-experimental-para-aparecida-ocorrera-em-outubro-2023\/","title":{"rendered":"TREM EXPERIMENTAL PARA APARECIDA OCORRER\u00c1 EM OUTUBRO 2023"},"content":{"rendered":"<p>Um trem experimental para a Cidade de Aparecida do Norte, regi\u00e3o do Vale do Para\u00edba, dever\u00e1 partir da esta\u00e7\u00e3o da Luz no dia 12 de outubro.<br \/>\nO projeto envolve entidade de Preserva\u00e7\u00e3o Ferrovi\u00e1ria, estatal de transportes de passageiros e MRS log\u00edstica.<\/p>\n<p>A viagem deve durar em torno de 5 horas e contar\u00e1 inicialmente com os carros atuais utilizados no expresso tur\u00edstico em S\u00e3o Paulo.<br \/>\nN\u00e3o h\u00e1 at\u00e9 ent\u00e3o previs\u00e3o de venda de bilhetes por tratar-se de uma viagem teste.<\/p>\n<p>O projeto contemplar\u00e1 no futuro o atendimento tur\u00edstico inclusive para Pindamonhangaba e Campos do Jord\u00e3o e dever\u00e1 contar com carros de passageiros que foram resgatados em Santos Dumont MG e que est\u00e3o em Cruzeiro SP.<\/p>\n<p>Os carros que pertenceram aos antigos trens que faziam o trajeto Rio-S\u00e3o Paulo e Rio Belo Horizonte dever\u00e3o ser restaurados com aporte financeiro da institui\u00e7\u00e3o de Preserva\u00e7\u00e3o e da MRS Log\u00edstica que conceder\u00e1 janelas hor\u00e1rias para o projeto entre Aparecida e S\u00e3o Paulo.<\/p>\n<p>O trem dos romeiros prev\u00ea bilhetes entre 150 e 500 reais com diversas acomoda\u00e7\u00f5es em carros, poltronas, cabines individuais e compartilhadas e carro restaurante trazendo todo o requinte das antigas viagens de longo percurso.<\/p>\n<p>Atualmente o expresso Tur\u00edstico atende Jundia\u00ed , PARANAPIACABA e Mogi das Cruzes , h\u00e1 tamb\u00e9m a iniciativa de emplacar um expresso Tur\u00edstico para a cidade de Santos nos mesmos moldes.<\/p>\n","protected":false},"excerpt":{"rendered":"<p>Um trem experimental para a Cidade de Aparecida do Norte, regi\u00e3o do Vale do Para\u00edba, dever\u00e1 partir da esta\u00e7\u00e3o da Luz no dia 12 de outubro. O projeto envolve entidade de Preserva\u00e7\u00e3o Ferrovi\u00e1ria, estatal de transportes de passageiros e MRS log\u00edstica. A viagem deve durar em torno de 5 horas e contar\u00e1 inicialmente com os [&hellip;]<\/p>\n","protected":false},"author":1,"featured_media":8469,"comment_status":"open","ping_status":"open","sticky":false,"template":"","format":"standard","meta":{"footnotes":""},"categories":[48],"tags":[],"class_list":{"0":"post-8468","1":"post","2":"type-post","3":"status-publish","4":"format-standard","5":"has-post-thumbnail","7":"category-geral"},"_links":{"self":[{"href":"https:\/\/jm-metropole.com.br\/site\/wp-json\/wp\/v2\/posts\/8468","targetHints":{"allow":["GET"]}}],"collection":[{"href":"https:\/\/jm-metropole.com.br\/site\/wp-json\/wp\/v2\/posts"}],"about":[{"href":"https:\/\/jm-metropole.com.br\/site\/wp-json\/wp\/v2\/types\/post"}],"author":[{"embeddable":true,"href":"https:\/\/jm-metropole.com.br\/site\/wp-json\/wp\/v2\/users\/1"}],"replies":[{"embeddable":true,"href":"https:\/\/jm-metropole.com.br\/site\/wp-json\/wp\/v2\/comments?post=8468"}],"version-history":[{"count":1,"href":"https:\/\/jm-metropole.com.br\/site\/wp-json\/wp\/v2\/posts\/8468\/revisions"}],"predecessor-version":[{"id":8470,"href":"https:\/\/jm-metropole.com.br\/site\/wp-json\/wp\/v2\/posts\/8468\/revisions\/8470"}],"wp:featuredmedia":[{"embeddable":true,"href":"https:\/\/jm-metropole.com.br\/site\/wp-json\/wp\/v2\/media\/8469"}],"wp:attachment":[{"href":"https:\/\/jm-metropole.com.br\/site\/wp-json\/wp\/v2\/media?parent=8468"}],"wp:term":[{"taxonomy":"category","embeddable":true,"href":"https:\/\/jm-metropole.com.br\/site\/wp-json\/wp\/v2\/categories?post=8468"},{"taxonomy":"post_tag","embeddable":true,"href":"https:\/\/jm-metropole.com.br\/site\/wp-json\/wp\/v2\/tags?post=8468"}],"curies":[{"name":"wp","href":"https:\/\/api.w.org\/{rel}","templated":true}]}}