{"id":8462,"date":"2023-04-25T04:46:45","date_gmt":"2023-04-25T07:46:45","guid":{"rendered":"https:\/\/jm-metropole.com.br\/site\/?p=8462"},"modified":"2023-04-25T04:46:45","modified_gmt":"2023-04-25T07:46:45","slug":"praca-da-biblia-recebera-evento-flashback","status":"publish","type":"post","link":"https:\/\/jm-metropole.com.br\/site\/praca-da-biblia-recebera-evento-flashback\/","title":{"rendered":"Pra\u00e7a da B\u00edblia receber\u00e1 evento \u201cFlashback\u201d"},"content":{"rendered":"<p>Evento ser\u00e1 realizado no pr\u00f3ximo domingo (30\/04) a partir das 13 horas<\/p>\n<p>A Pra\u00e7a da B\u00edblia localizada na rua Vicente Guida, s\/n, no Centro, ser\u00e1 palco do evento \u201cFlashback\u201d, no pr\u00f3ximo domingo, dia 30 de abril. O evento organizado pela Flip Sound, conta com o apoio da Prefeitura de Po\u00e1, por meio da Secretaria de Turismo. A entrada para o evento ser\u00e1 gratuita.<\/p>\n<p>O evento contar\u00e1 com apresenta\u00e7\u00f5es dos DJs \u201cGra Marques\u201d, \u201cRonaldinho\u201d, Fernando Meirelles\u201d, \u201cDave One Smith\u201d, \u201cAle e Rog\u00e9rio Passarelli\u201d, \u201cCristiano Moreno\u201d, \u201cJonas Dias\u201d, \u201cPatr\u00edcia Souza\u201d e \u201cSanzo Talib\u00e3\u201d.<\/p>\n<p>Para a secret\u00e1ria de Turismo, Claudia Cristina de Deus, o evento \u00e9 mais uma \u00f3tima forma de atrair visitantes para a cidade. \u201cSer\u00e1 um dia de muita m\u00fasica para todo mundo que comparecer na Pra\u00e7a da B\u00edblia. Al\u00e9m disso, eventos como esse servem tamb\u00e9m para alavancar o turismo e o com\u00e9rcio da nossa cidade\u201d, disse a chefe da Pasta.<\/p>\n<p>O evento \u201cFlashback\u201d ser\u00e1 realizado no dia 30 de abril, a partir das 13 horas, na Pra\u00e7a da B\u00edblia, localizada na rua Vicente Guida, s\/n, no Centro. A entrada para o evento \u00e9 franca.<\/p>\n<p>Foto: Rodrigo Nagafuti \/ Arquivo Secom \u2013 Po\u00e1<\/p>\n","protected":false},"excerpt":{"rendered":"<p>Evento ser\u00e1 realizado no pr\u00f3ximo domingo (30\/04) a partir das 13 horas A Pra\u00e7a da B\u00edblia localizada na rua Vicente Guida, s\/n, no Centro, ser\u00e1 palco do evento \u201cFlashback\u201d, no pr\u00f3ximo domingo, dia 30 de abril. O evento organizado pela Flip Sound, conta com o apoio da Prefeitura de Po\u00e1, por meio da Secretaria de [&hellip;]<\/p>\n","protected":false},"author":1,"featured_media":8463,"comment_status":"open","ping_status":"open","sticky":false,"template":"","format":"standard","meta":{"footnotes":""},"categories":[19],"tags":[],"class_list":{"0":"post-8462","1":"post","2":"type-post","3":"status-publish","4":"format-standard","5":"has-post-thumbnail","7":"category-poa"},"_links":{"self":[{"href":"https:\/\/jm-metropole.com.br\/site\/wp-json\/wp\/v2\/posts\/8462","targetHints":{"allow":["GET"]}}],"collection":[{"href":"https:\/\/jm-metropole.com.br\/site\/wp-json\/wp\/v2\/posts"}],"about":[{"href":"https:\/\/jm-metropole.com.br\/site\/wp-json\/wp\/v2\/types\/post"}],"author":[{"embeddable":true,"href":"https:\/\/jm-metropole.com.br\/site\/wp-json\/wp\/v2\/users\/1"}],"replies":[{"embeddable":true,"href":"https:\/\/jm-metropole.com.br\/site\/wp-json\/wp\/v2\/comments?post=8462"}],"version-history":[{"count":1,"href":"https:\/\/jm-metropole.com.br\/site\/wp-json\/wp\/v2\/posts\/8462\/revisions"}],"predecessor-version":[{"id":8464,"href":"https:\/\/jm-metropole.com.br\/site\/wp-json\/wp\/v2\/posts\/8462\/revisions\/8464"}],"wp:featuredmedia":[{"embeddable":true,"href":"https:\/\/jm-metropole.com.br\/site\/wp-json\/wp\/v2\/media\/8463"}],"wp:attachment":[{"href":"https:\/\/jm-metropole.com.br\/site\/wp-json\/wp\/v2\/media?parent=8462"}],"wp:term":[{"taxonomy":"category","embeddable":true,"href":"https:\/\/jm-metropole.com.br\/site\/wp-json\/wp\/v2\/categories?post=8462"},{"taxonomy":"post_tag","embeddable":true,"href":"https:\/\/jm-metropole.com.br\/site\/wp-json\/wp\/v2\/tags?post=8462"}],"curies":[{"name":"wp","href":"https:\/\/api.w.org\/{rel}","templated":true}]}}