{"id":8459,"date":"2023-04-25T04:44:37","date_gmt":"2023-04-25T07:44:37","guid":{"rendered":"https:\/\/jm-metropole.com.br\/site\/?p=8459"},"modified":"2023-04-25T04:44:37","modified_gmt":"2023-04-25T07:44:37","slug":"metalurgicos-de-guarulhos-festejam-domingo-seus-60-anos","status":"publish","type":"post","link":"https:\/\/jm-metropole.com.br\/site\/metalurgicos-de-guarulhos-festejam-domingo-seus-60-anos\/","title":{"rendered":"Metal\u00fargicos de Guarulhos festejam domingo seus 60 anos"},"content":{"rendered":"<p>Domingo, 30, o Sindicato dos Metal\u00fargicos de Guarulhos e Regi\u00e3o far\u00e1 60 anos. Data ser\u00e1 comemorada no Clube de Campo, com festa, m\u00fasica e sorteios de pr\u00eamios.<\/p>\n<p>A diretoria \u201cMetal\u00fargicos em A\u00e7\u00e3o\u201d, presidida por Josinaldo Jos\u00e9 de Barros (Cabe\u00e7a), que planeja um grande evento, espera tempo bom.<\/p>\n<p>A entidade obteve Carta Sindical em 30 de abril de 1963, no governo Jango. Onze meses depois, Jango foi derrubado pelos militares e sobreveio a ditadura. O Sindicato sofreu interven\u00e7\u00e3o, a diretoria foi destitu\u00edda e as persegui\u00e7\u00f5es n\u00e3o tardaram.<\/p>\n<p>Cabe\u00e7a diz: \u201cNascemos na democracia, penamos na ditadura e lutamos pela redemocratiza\u00e7\u00e3o pra chegarmos fortes aos 60 anos\u201d. O Sindicato, afora a a\u00e7\u00e3o cotidiana nas mais de mil f\u00e1bricas em Guarulhos, Aruj\u00e1, Mairipor\u00e3, Santa Isabel, destaca sua grande rede pr\u00f3pria de lazer, da qual se sobressai o Clube de Campo no Parque Primavera.<\/p>\n<p>Atra\u00e7\u00f5es &#8211; A partir das 10 horas, os associados passam a concorrer a duas motos Yamaha, bicicletas, televisores e a outros pr\u00eamios. O secret\u00e1rio-geral Jos\u00e9 Carlos Santos Oliveira (Chor\u00e3o) alerta que o s\u00f3cio deve preencher o cupom e depositar o canhoto numerado numa das urnas do Clube.<\/p>\n<p>Shows &#8211; A Festa dos 60 anos ter\u00e1 o rapper Dee Naldinho, o pagode do grupo Rizzueto, o samba-raiz de Lecy Brand\u00e3o e o sertanejo de \u00c9dson e Hudson. Um DJ tamb\u00e9m animar\u00e1 o ambiente.<\/p>\n<p>Alegria &#8211; A diretoria trabalha para que o domingo (30) seja um dia de confraterniza\u00e7\u00e3o da fam\u00edlia metal\u00fargica. A categoria tem 45 mil trabalhadores. Para o presidente Cabe\u00e7a, \u201ca festa dos 60 anos deve ser um momento de reencontro e confraterniza\u00e7\u00e3o metal\u00fargica\u201d.<\/p>\n<p>Memorial &#8211; O Sindicato vai inaugurar domingo seu Memorial, com fotos, fatos e personagens marcantes das seis d\u00e9cadas.<\/p>\n<p>Programa &#8211; A partir das 10 horas, no Clube de Campo, \u00e0 rua Gal\u00e1xia, 126, Parque Primavera, Guarulhos. Mais informa\u00e7\u00f5es no site do Sindicato &#8211; www.metalurgico.org.br<\/p>\n<p>Mais informa\u00e7\u00f5es: presidente Cabe\u00e7a (11) 9 7246 3144; secret\u00e1rio-geral Chor\u00e3o (11) 9 7838.9083; Secretaria da entidade: 2463.5300.<br \/>\nImprensa: Jornalistas Jo\u00e3o Franzin (99617.3253) e Ariane Soares (11) 98038.4830.<\/p>\n","protected":false},"excerpt":{"rendered":"<p>Domingo, 30, o Sindicato dos Metal\u00fargicos de Guarulhos e Regi\u00e3o far\u00e1 60 anos. Data ser\u00e1 comemorada no Clube de Campo, com festa, m\u00fasica e sorteios de pr\u00eamios. A diretoria \u201cMetal\u00fargicos em A\u00e7\u00e3o\u201d, presidida por Josinaldo Jos\u00e9 de Barros (Cabe\u00e7a), que planeja um grande evento, espera tempo bom. A entidade obteve Carta Sindical em 30 de [&hellip;]<\/p>\n","protected":false},"author":1,"featured_media":8460,"comment_status":"open","ping_status":"open","sticky":false,"template":"","format":"standard","meta":{"footnotes":""},"categories":[3],"tags":[],"class_list":{"0":"post-8459","1":"post","2":"type-post","3":"status-publish","4":"format-standard","5":"has-post-thumbnail","7":"category-guarulhos"},"_links":{"self":[{"href":"https:\/\/jm-metropole.com.br\/site\/wp-json\/wp\/v2\/posts\/8459","targetHints":{"allow":["GET"]}}],"collection":[{"href":"https:\/\/jm-metropole.com.br\/site\/wp-json\/wp\/v2\/posts"}],"about":[{"href":"https:\/\/jm-metropole.com.br\/site\/wp-json\/wp\/v2\/types\/post"}],"author":[{"embeddable":true,"href":"https:\/\/jm-metropole.com.br\/site\/wp-json\/wp\/v2\/users\/1"}],"replies":[{"embeddable":true,"href":"https:\/\/jm-metropole.com.br\/site\/wp-json\/wp\/v2\/comments?post=8459"}],"version-history":[{"count":1,"href":"https:\/\/jm-metropole.com.br\/site\/wp-json\/wp\/v2\/posts\/8459\/revisions"}],"predecessor-version":[{"id":8461,"href":"https:\/\/jm-metropole.com.br\/site\/wp-json\/wp\/v2\/posts\/8459\/revisions\/8461"}],"wp:featuredmedia":[{"embeddable":true,"href":"https:\/\/jm-metropole.com.br\/site\/wp-json\/wp\/v2\/media\/8460"}],"wp:attachment":[{"href":"https:\/\/jm-metropole.com.br\/site\/wp-json\/wp\/v2\/media?parent=8459"}],"wp:term":[{"taxonomy":"category","embeddable":true,"href":"https:\/\/jm-metropole.com.br\/site\/wp-json\/wp\/v2\/categories?post=8459"},{"taxonomy":"post_tag","embeddable":true,"href":"https:\/\/jm-metropole.com.br\/site\/wp-json\/wp\/v2\/tags?post=8459"}],"curies":[{"name":"wp","href":"https:\/\/api.w.org\/{rel}","templated":true}]}}