{"id":8431,"date":"2023-04-24T10:28:22","date_gmt":"2023-04-24T13:28:22","guid":{"rendered":"https:\/\/jm-metropole.com.br\/site\/?p=8431"},"modified":"2023-04-24T10:28:22","modified_gmt":"2023-04-24T13:28:22","slug":"cidade-jardim-cumbica-recebe-unidade-movel-do-procon-na-quarta-feira","status":"publish","type":"post","link":"https:\/\/jm-metropole.com.br\/site\/cidade-jardim-cumbica-recebe-unidade-movel-do-procon-na-quarta-feira\/","title":{"rendered":"Cidade Jardim Cumbica recebe unidade m\u00f3vel do Procon na\u00a0quarta-feira"},"content":{"rendered":"<p>Os moradores do bairro Cidade Jardim Cumbica e imedia\u00e7\u00f5es\u00a0ter\u00e3o nesta\u00a0quarta-feira (26) o atendimento da unidade m\u00f3vel Procon Itinerante, que estar\u00e1 estacionada na pra\u00e7a Cummins com a rua Jati, na altura do n\u00famero 301, das 10h \u00e0s 16h. O ve\u00edculo da Coordenadoria de Prote\u00e7\u00e3o e Defesa do Consumidor de Guarulhos disponibiliza os mesmos servi\u00e7os prestados nas unidades fixas e semanalmente atende em um bairro diferente.<\/p>\n<p>No local a popula\u00e7\u00e3o poder\u00e1 abrir reclama\u00e7\u00f5es, obter esclarecimentos e solicitar o desbloqueio da Nota Fiscal Paulista. Os funcion\u00e1rios do Procon ir\u00e3o tamb\u00e9m orientar e verificar eventuais reclama\u00e7\u00f5es sobre estabelecimentos que desrespeitam o C\u00f3digo de Defesa do Consumidor.<\/p>\n<p>O Procon Guarulhos atende ainda pelo site\u00a0procon.guarulhos.sp.gov.br\u00a0e pelo Disque-Den\u00fancia 151.<\/p>\n<p>Atendimentos presenciais, de\u00a0segunda\u00a0a\u00a0sexta-feira, das 8h \u00e0s 16h<br \/>\nProcon Central: rua Sete\u00a0de Setembro, 164, Centro.<br \/>\nProcon S\u00e3o Jo\u00e3o: rua Mesquita, 161, Jardim S\u00e3o Jo\u00e3o. Telefone: 2408-4315.<br \/>\nProcon Pimentas: estrada do Cap\u00e3o Bonito, 53, Conjunto Marcos Freire (pr\u00e9dio do CIC). Telefone: 2484-1070.<\/p>\n","protected":false},"excerpt":{"rendered":"<p>Os moradores do bairro Cidade Jardim Cumbica e imedia\u00e7\u00f5es\u00a0ter\u00e3o nesta\u00a0quarta-feira (26) o atendimento da unidade m\u00f3vel Procon Itinerante, que estar\u00e1 estacionada na pra\u00e7a Cummins com a rua Jati, na altura do n\u00famero 301, das 10h \u00e0s 16h. O ve\u00edculo da Coordenadoria de Prote\u00e7\u00e3o e Defesa do Consumidor de Guarulhos disponibiliza os mesmos servi\u00e7os prestados nas [&hellip;]<\/p>\n","protected":false},"author":1,"featured_media":8432,"comment_status":"open","ping_status":"open","sticky":false,"template":"","format":"standard","meta":{"footnotes":""},"categories":[3],"tags":[],"class_list":{"0":"post-8431","1":"post","2":"type-post","3":"status-publish","4":"format-standard","5":"has-post-thumbnail","7":"category-guarulhos"},"_links":{"self":[{"href":"https:\/\/jm-metropole.com.br\/site\/wp-json\/wp\/v2\/posts\/8431","targetHints":{"allow":["GET"]}}],"collection":[{"href":"https:\/\/jm-metropole.com.br\/site\/wp-json\/wp\/v2\/posts"}],"about":[{"href":"https:\/\/jm-metropole.com.br\/site\/wp-json\/wp\/v2\/types\/post"}],"author":[{"embeddable":true,"href":"https:\/\/jm-metropole.com.br\/site\/wp-json\/wp\/v2\/users\/1"}],"replies":[{"embeddable":true,"href":"https:\/\/jm-metropole.com.br\/site\/wp-json\/wp\/v2\/comments?post=8431"}],"version-history":[{"count":1,"href":"https:\/\/jm-metropole.com.br\/site\/wp-json\/wp\/v2\/posts\/8431\/revisions"}],"predecessor-version":[{"id":8433,"href":"https:\/\/jm-metropole.com.br\/site\/wp-json\/wp\/v2\/posts\/8431\/revisions\/8433"}],"wp:featuredmedia":[{"embeddable":true,"href":"https:\/\/jm-metropole.com.br\/site\/wp-json\/wp\/v2\/media\/8432"}],"wp:attachment":[{"href":"https:\/\/jm-metropole.com.br\/site\/wp-json\/wp\/v2\/media?parent=8431"}],"wp:term":[{"taxonomy":"category","embeddable":true,"href":"https:\/\/jm-metropole.com.br\/site\/wp-json\/wp\/v2\/categories?post=8431"},{"taxonomy":"post_tag","embeddable":true,"href":"https:\/\/jm-metropole.com.br\/site\/wp-json\/wp\/v2\/tags?post=8431"}],"curies":[{"name":"wp","href":"https:\/\/api.w.org\/{rel}","templated":true}]}}