{"id":8428,"date":"2023-04-24T10:19:38","date_gmt":"2023-04-24T13:19:38","guid":{"rendered":"https:\/\/jm-metropole.com.br\/site\/?p=8428"},"modified":"2023-04-24T10:19:38","modified_gmt":"2023-04-24T13:19:38","slug":"prefeitura-de-aruja-intensifica-atendimento-a-populacao-em-situacao-de-rua-durante-periodos-de-baixas-temperaturas","status":"publish","type":"post","link":"https:\/\/jm-metropole.com.br\/site\/prefeitura-de-aruja-intensifica-atendimento-a-populacao-em-situacao-de-rua-durante-periodos-de-baixas-temperaturas\/","title":{"rendered":"PREFEITURA DE ARUJ\u00c1 INTENSIFICA ATENDIMENTO \u00c0 POPULA\u00c7\u00c3O EM SITUA\u00c7\u00c3O DE RUA DURANTE PER\u00cdODOS DE BAIXAS TEMPERATURAS"},"content":{"rendered":"<p>A equipe t\u00e9cnica do Centro de Refer\u00eancia Especializado de Assist\u00eancia Social (CREAS), em parceria com a Guarda Civil Municipal (GCM), realizou uma abordagem social de emerg\u00eancia na noite desta quinta-feira (20), tendo em vista a frente fria repentina que atinge o estado de S\u00e3o Paulo, durante o final de semana do feriado de Tiradentes. Segundo a Secretaria Municipal de Assist\u00eancia Social, durante a a\u00e7\u00e3o foram abordadas 18 pessoas em situa\u00e7\u00e3o de rua e entregues cobertores e alimenta\u00e7\u00e3o, al\u00e9m de atualizado o mapeamento para acompanhamento futuro das necessidades de cada um.<\/p>\n<p>Destas pessoas abordadas, apenas tr\u00eas s\u00e3o identificados como moradores de Aruj\u00e1. J\u00e1 os demais s\u00e3o moradores de cidades pr\u00f3ximas, tamb\u00e9m atendidos pelo CREAS de Aruj\u00e1.<br \/>\nA Secretaria de Assist\u00eancia Social ressalta que acompanha as quedas bruscas de temperatura, com a proximidade do inverno, at\u00e9 a reinser\u00e7\u00e3o do Programa &#8220;Acolher&#8221;, onde ser\u00e1 montado um abrigo de acolhimento voltado a esta popula\u00e7\u00e3o socialmente vulner\u00e1vel.<br \/>\nPara mais informa\u00e7\u00f5es: CREAS Aruj\u00e1 pelo telefone ou WhatsApp &#8211; (11)4651-3293<br \/>\nEmerg\u00eancias e Den\u00fancias: GCM Aruj\u00e1 discando o n\u00famero: 153<\/p>\n","protected":false},"excerpt":{"rendered":"<p>A equipe t\u00e9cnica do Centro de Refer\u00eancia Especializado de Assist\u00eancia Social (CREAS), em parceria com a Guarda Civil Municipal (GCM), realizou uma abordagem social de emerg\u00eancia na noite desta quinta-feira (20), tendo em vista a frente fria repentina que atinge o estado de S\u00e3o Paulo, durante o final de semana do feriado de Tiradentes. Segundo [&hellip;]<\/p>\n","protected":false},"author":1,"featured_media":8429,"comment_status":"open","ping_status":"open","sticky":false,"template":"","format":"standard","meta":{"footnotes":""},"categories":[4],"tags":[],"class_list":{"0":"post-8428","1":"post","2":"type-post","3":"status-publish","4":"format-standard","5":"has-post-thumbnail","7":"category-aruja"},"_links":{"self":[{"href":"https:\/\/jm-metropole.com.br\/site\/wp-json\/wp\/v2\/posts\/8428","targetHints":{"allow":["GET"]}}],"collection":[{"href":"https:\/\/jm-metropole.com.br\/site\/wp-json\/wp\/v2\/posts"}],"about":[{"href":"https:\/\/jm-metropole.com.br\/site\/wp-json\/wp\/v2\/types\/post"}],"author":[{"embeddable":true,"href":"https:\/\/jm-metropole.com.br\/site\/wp-json\/wp\/v2\/users\/1"}],"replies":[{"embeddable":true,"href":"https:\/\/jm-metropole.com.br\/site\/wp-json\/wp\/v2\/comments?post=8428"}],"version-history":[{"count":1,"href":"https:\/\/jm-metropole.com.br\/site\/wp-json\/wp\/v2\/posts\/8428\/revisions"}],"predecessor-version":[{"id":8430,"href":"https:\/\/jm-metropole.com.br\/site\/wp-json\/wp\/v2\/posts\/8428\/revisions\/8430"}],"wp:featuredmedia":[{"embeddable":true,"href":"https:\/\/jm-metropole.com.br\/site\/wp-json\/wp\/v2\/media\/8429"}],"wp:attachment":[{"href":"https:\/\/jm-metropole.com.br\/site\/wp-json\/wp\/v2\/media?parent=8428"}],"wp:term":[{"taxonomy":"category","embeddable":true,"href":"https:\/\/jm-metropole.com.br\/site\/wp-json\/wp\/v2\/categories?post=8428"},{"taxonomy":"post_tag","embeddable":true,"href":"https:\/\/jm-metropole.com.br\/site\/wp-json\/wp\/v2\/tags?post=8428"}],"curies":[{"name":"wp","href":"https:\/\/api.w.org\/{rel}","templated":true}]}}