{"id":8413,"date":"2023-04-21T09:21:42","date_gmt":"2023-04-21T12:21:42","guid":{"rendered":"https:\/\/jm-metropole.com.br\/site\/?p=8413"},"modified":"2023-04-21T09:21:42","modified_gmt":"2023-04-21T12:21:42","slug":"gastronomia-e-cultura-mercadao-de-sp-tem-programacao-especial","status":"publish","type":"post","link":"https:\/\/jm-metropole.com.br\/site\/gastronomia-e-cultura-mercadao-de-sp-tem-programacao-especial\/","title":{"rendered":"Gastronomia e Cultura: Mercad\u00e3o de SP tem programa\u00e7\u00e3o especial"},"content":{"rendered":"<h3 class=\"col-10 offset-1 animated fadeInDown dealy-900 display-8 display-md-8 alt-font font-italic my-1 text-center\">Evento gratuito tem atra\u00e7\u00f5es art\u00edsticas, musicais e culin\u00e1ria lusitana<\/h3>\n<p>O Mercado Municipal Paulistano, conhecido como o Mercad\u00e3o de S\u00e3o Paulo,\u00a0est\u00e1 entre as op\u00e7\u00f5es de passeio para os paulistanos e turistas que visitam a cidade de S\u00e3o Paulo no feriado de Tiradentes, comemorado nesta sexta-feira (21). Os visitantes poder\u00e3o contar, at\u00e9 o dia 23 de abril, das 10h \u00e0s 16h, no Espa\u00e7o de Eventos, com a terceira edi\u00e7\u00e3o do Festival de Gastronomia e Cultura (FGC), que desta vez homenageia\u00a0Portugal.<\/p>\n<p>A cultura e as tradi\u00e7\u00f5es da China e do Jap\u00e3o passaram nos meses anteriores pelo Mercad\u00e3o.<\/p>\n<p>O Festival de Gastronomia e Cultura tem entrada gratuita e \u00e9 aberto ao p\u00fablico. No local haver\u00e1 boxes de alimenta\u00e7\u00e3o, apresenta\u00e7\u00f5es art\u00edsticas e musicais e lojas de produtos t\u00edpicos, entre outros atrativos.<\/p>\n<p>Na programa\u00e7\u00e3o gastron\u00f4mica desta edi\u00e7\u00e3o est\u00e3o a PAME, padaria artesanal; a N2 Extreme Brasil, gelateria onde o cliente pode levar qualquer ingrediente para ser transformado em gelato; e a B.lem, a maior rede de padarias do Brasil, com ra\u00edzes portuguesas.<\/p>\n<p>No dia 22 de abril, data em que se comemora o descobrimento do Brasil, o Espa\u00e7o de Gastronomia e Cultura do Mercad\u00e3o ser\u00e1 palco de uma experi\u00eancia gastron\u00f4mica exclusiva com os pratos do chef Vitor Sobral, do restaurante Tasca da Esquina, um dos mais tradicionais e premiados de S\u00e3o Paulo. O card\u00e1pio \u00e9 composto por quatro pratos e uma sobremesa, que podem ser consumidos \u00e0 vontade, por R$ 209,00.<\/p>\n<p>Os ingressos para esta atra\u00e7\u00e3o podem ser adquiridos pelo\u00a0<a href=\"https:\/\/www.sympla.com.br\/evento\/almoco-com-chef-vitor-sobral-no-mercadao-sp\/1940875\">Sympla<\/a>\u00a0ou no dia do evento, mediante disponibilidade.<\/p>\n<h2>Servi\u00e7o:<\/h2>\n<p>Festival de Gastronomia e Cultura \u2013 Edi\u00e7\u00e3o Portugal<\/p>\n<p>Mercado Municipal Paulistano &#8211; Mercad\u00e3o<\/p>\n<p>Rua da Cantareira, 306 &#8211; Centro Hist\u00f3rico de S\u00e3o Paulo<\/p>\n<p>De 20 a 23 de abril<\/p>\n<p>Hor\u00e1rio: das 10 \u00e0s 16h<\/p>\n<p>Convite antecipado para o almo\u00e7o com o Chef:\u00a0<a href=\"https:\/\/www.sympla.com.br\/evento\/almoco-com-chef-vitor-sobral-no-mercadao-sp\/1940875\">Sympla<\/a><\/p>\n","protected":false},"excerpt":{"rendered":"<p>Evento gratuito tem atra\u00e7\u00f5es art\u00edsticas, musicais e culin\u00e1ria lusitana O Mercado Municipal Paulistano, conhecido como o Mercad\u00e3o de S\u00e3o Paulo,\u00a0est\u00e1 entre as op\u00e7\u00f5es de passeio para os paulistanos e turistas que visitam a cidade de S\u00e3o Paulo no feriado de Tiradentes, comemorado nesta sexta-feira (21). Os visitantes poder\u00e3o contar, at\u00e9 o dia 23 de abril, [&hellip;]<\/p>\n","protected":false},"author":1,"featured_media":8414,"comment_status":"open","ping_status":"open","sticky":false,"template":"","format":"standard","meta":{"footnotes":""},"categories":[48],"tags":[],"class_list":{"0":"post-8413","1":"post","2":"type-post","3":"status-publish","4":"format-standard","5":"has-post-thumbnail","7":"category-geral"},"_links":{"self":[{"href":"https:\/\/jm-metropole.com.br\/site\/wp-json\/wp\/v2\/posts\/8413","targetHints":{"allow":["GET"]}}],"collection":[{"href":"https:\/\/jm-metropole.com.br\/site\/wp-json\/wp\/v2\/posts"}],"about":[{"href":"https:\/\/jm-metropole.com.br\/site\/wp-json\/wp\/v2\/types\/post"}],"author":[{"embeddable":true,"href":"https:\/\/jm-metropole.com.br\/site\/wp-json\/wp\/v2\/users\/1"}],"replies":[{"embeddable":true,"href":"https:\/\/jm-metropole.com.br\/site\/wp-json\/wp\/v2\/comments?post=8413"}],"version-history":[{"count":1,"href":"https:\/\/jm-metropole.com.br\/site\/wp-json\/wp\/v2\/posts\/8413\/revisions"}],"predecessor-version":[{"id":8415,"href":"https:\/\/jm-metropole.com.br\/site\/wp-json\/wp\/v2\/posts\/8413\/revisions\/8415"}],"wp:featuredmedia":[{"embeddable":true,"href":"https:\/\/jm-metropole.com.br\/site\/wp-json\/wp\/v2\/media\/8414"}],"wp:attachment":[{"href":"https:\/\/jm-metropole.com.br\/site\/wp-json\/wp\/v2\/media?parent=8413"}],"wp:term":[{"taxonomy":"category","embeddable":true,"href":"https:\/\/jm-metropole.com.br\/site\/wp-json\/wp\/v2\/categories?post=8413"},{"taxonomy":"post_tag","embeddable":true,"href":"https:\/\/jm-metropole.com.br\/site\/wp-json\/wp\/v2\/tags?post=8413"}],"curies":[{"name":"wp","href":"https:\/\/api.w.org\/{rel}","templated":true}]}}