{"id":8408,"date":"2023-04-20T17:05:40","date_gmt":"2023-04-20T20:05:40","guid":{"rendered":"https:\/\/jm-metropole.com.br\/site\/?p=8408"},"modified":"2023-04-20T17:05:40","modified_gmt":"2023-04-20T20:05:40","slug":"lei-organica-camara-aumenta-limite-de-emendas-impositivas-parlamentares","status":"publish","type":"post","link":"https:\/\/jm-metropole.com.br\/site\/lei-organica-camara-aumenta-limite-de-emendas-impositivas-parlamentares\/","title":{"rendered":"Lei Org\u00e2nica: C\u00e2mara aumenta limite de emendas impositivas parlamentares"},"content":{"rendered":"<p>Mudan\u00e7a acompanha ajuste constitucional aprovada pelo Congresso no final de 2022<\/p>\n<p>Os vereadores de Aruj\u00e1 aprovaram por unanimidade o Projeto de Emenda \u00e0 Lei Org\u00e2nica que aumenta o limite percentual para c\u00e1lculo das emendas impositivas. Agora, os parlamentares ter\u00e3o acesso a uma reserva de 2% do or\u00e7amento corrente l\u00edquido. Antes, a fatia or\u00e7ament\u00e1ria destinada \u00e0s emendas era de 1,2%. Segue vigente a obrigatoriedade de destinar metade dos recursos para a\u00e7\u00f5es e servi\u00e7os p\u00fablicos de sa\u00fade.<\/p>\n<p>Outra mudan\u00e7a importante na regra est\u00e1 no exerc\u00edcio para base de c\u00e1lculo das emendas individuais e de bancada. Antes a reserva era feita sobre a receita prevista na proposta encaminhada pelo Poder Executivo; com a mudan\u00e7a, a base ser\u00e1 o exerc\u00edcio anterior ao do encaminhamento do projeto. Ou seja, para a LOA 2024, cuja tramita\u00e7\u00e3o se dar\u00e1 em 2023, a base de c\u00e1lculo para as emendas impositivas ser\u00e1 2022.<\/p>\n<p>\u00c9 por meio das emendas que os vereadores conseguem aperfei\u00e7oar a proposta or\u00e7ament\u00e1ria apresentada pelo governo municipal, indicando a\u00e7\u00f5es que o Poder Executivo deve, obrigatoriamente, executar.<\/p>\n<p>\u201cEsse projeto \u00e9 de grande envergadura pol\u00edtica e fundamental para que a C\u00e2mara tenha uma participa\u00e7\u00e3o maior na discuss\u00e3o do or\u00e7amento\u201d, destacou o vereador Luiz Fernando (PSDB), que exemplificou algumas pol\u00edticas desenvolvidas por colegas atrav\u00e9s das emendas impositivas.<\/p>\n<p>Rafael Laranjeira (Rede) destacou que, agora, al\u00e9m das emendas impositivas individuais, o Legislativo arujaense ter\u00e1 uma reserva de at\u00e9 1% do or\u00e7amento corrente l\u00edquido para as emendas de bancada. \u201cPor exemplo, eu e o vereador Vin\u00edcius Pateta, que somos da Rede, poderemos propor uma a\u00e7\u00e3o de forma conjunta pela legenda\u201d, salientou.<\/p>\n<p>Gabriel dos Santos lembrou que as emendas impositivas representam uma conquista para a C\u00e2mara Municipal, mas salientou que \u00e9 preciso ter cuidado na destina\u00e7\u00e3o dos recursos. \u201cTivemos no passado pessoas que destinaram R$ 20 mil para constru\u00e7\u00e3o de um complexo esportivo. Isso \u00e9 m\u00e9dia, n\u00e3o uma a\u00e7\u00e3o efetiva\u201d, cobrou o parlamentar.<\/p>\n<p>Paulinho Maiolino (PSD) disse que as emendas s\u00e3o uma grande ferramenta para tirar do papel diversos projetos, como o de acolhimento oncol\u00f3gico na cidade: \u201cJ\u00e1 est\u00e1 tramitando\u201d, anunciou.<\/p>\n<p>Uelton Almeida (PSDB) parabenizou todas as a\u00e7\u00f5es desenvolvidas atrav\u00e9s das emendas impositivas, como o programa de equoterapia.<\/p>\n<p>Link: https:\/\/www.camaraaruja.sp.gov.br\/noticias\/camara-aumenta-limite-de-emendas-impositivas-parlamentares<\/p>\n","protected":false},"excerpt":{"rendered":"<p>Mudan\u00e7a acompanha ajuste constitucional aprovada pelo Congresso no final de 2022 Os vereadores de Aruj\u00e1 aprovaram por unanimidade o Projeto de Emenda \u00e0 Lei Org\u00e2nica que aumenta o limite percentual para c\u00e1lculo das emendas impositivas. Agora, os parlamentares ter\u00e3o acesso a uma reserva de 2% do or\u00e7amento corrente l\u00edquido. Antes, a fatia or\u00e7ament\u00e1ria destinada \u00e0s [&hellip;]<\/p>\n","protected":false},"author":1,"featured_media":8409,"comment_status":"open","ping_status":"open","sticky":false,"template":"","format":"standard","meta":{"footnotes":""},"categories":[1],"tags":[],"class_list":{"0":"post-8408","1":"post","2":"type-post","3":"status-publish","4":"format-standard","5":"has-post-thumbnail","7":"category-tudo"},"_links":{"self":[{"href":"https:\/\/jm-metropole.com.br\/site\/wp-json\/wp\/v2\/posts\/8408","targetHints":{"allow":["GET"]}}],"collection":[{"href":"https:\/\/jm-metropole.com.br\/site\/wp-json\/wp\/v2\/posts"}],"about":[{"href":"https:\/\/jm-metropole.com.br\/site\/wp-json\/wp\/v2\/types\/post"}],"author":[{"embeddable":true,"href":"https:\/\/jm-metropole.com.br\/site\/wp-json\/wp\/v2\/users\/1"}],"replies":[{"embeddable":true,"href":"https:\/\/jm-metropole.com.br\/site\/wp-json\/wp\/v2\/comments?post=8408"}],"version-history":[{"count":1,"href":"https:\/\/jm-metropole.com.br\/site\/wp-json\/wp\/v2\/posts\/8408\/revisions"}],"predecessor-version":[{"id":8410,"href":"https:\/\/jm-metropole.com.br\/site\/wp-json\/wp\/v2\/posts\/8408\/revisions\/8410"}],"wp:featuredmedia":[{"embeddable":true,"href":"https:\/\/jm-metropole.com.br\/site\/wp-json\/wp\/v2\/media\/8409"}],"wp:attachment":[{"href":"https:\/\/jm-metropole.com.br\/site\/wp-json\/wp\/v2\/media?parent=8408"}],"wp:term":[{"taxonomy":"category","embeddable":true,"href":"https:\/\/jm-metropole.com.br\/site\/wp-json\/wp\/v2\/categories?post=8408"},{"taxonomy":"post_tag","embeddable":true,"href":"https:\/\/jm-metropole.com.br\/site\/wp-json\/wp\/v2\/tags?post=8408"}],"curies":[{"name":"wp","href":"https:\/\/api.w.org\/{rel}","templated":true}]}}