{"id":8398,"date":"2023-04-20T15:58:09","date_gmt":"2023-04-20T18:58:09","guid":{"rendered":"https:\/\/jm-metropole.com.br\/site\/?p=8398"},"modified":"2023-04-20T15:58:09","modified_gmt":"2023-04-20T18:58:09","slug":"operacao-integrada-apreende-adolescente-e-prende-homem-em-flagrante","status":"publish","type":"post","link":"https:\/\/jm-metropole.com.br\/site\/operacao-integrada-apreende-adolescente-e-prende-homem-em-flagrante\/","title":{"rendered":"Opera\u00e7\u00e3o integrada apreende adolescente e prende homem em flagrante"},"content":{"rendered":"<p>A Guarda Civil Municipal (GCM) de Guarulhos, a Pol\u00edcia Militar e a Pol\u00edcia Civil realizaram nesta quarta-feira (19) uma opera\u00e7\u00e3o integrada na Vila Galv\u00e3o e na Vila Rio\u00a0de Janeiro, sendo que neste \u00faltimo bairro duas pessoas foram presas em flagrante e encaminhadas ao 1\u00ba Distrito Policial (DP).<\/p>\n<p>O primeiro caso ocorreu na rua Elvira, onde um adolescente foi apreendido por ato infracional an\u00e1logo ao de tr\u00e1fico de entorpecentes. Ele portava 62 por\u00e7\u00f5es de drogas, sendo 54 de coca\u00edna e oito de maconha. Os pais do adolescente foram chamados ao DP e o caso ser\u00e1 encaminhado \u00e0 Vara da Inf\u00e2ncia e da Juventude.<\/p>\n<p>J\u00e1 na rua Engenheiro Paulo Frontim um homem foi detido em flagrante acusado de recepta\u00e7\u00e3o de celular roubado. Ele ficou detido no 1\u00ba Distrito \u00e0 disposi\u00e7\u00e3o da Justi\u00e7a.<br \/>\nAs a\u00e7\u00f5es contaram com quase cem agentes das tr\u00eas for\u00e7as, um c\u00e3o policial de faro, drones, 24 carros e 13 motocicletas. Foram realizadas ainda a\u00e7\u00f5es de presen\u00e7a ostensiva na comunidade Chatuba, cuja incurs\u00e3o contou com o apoio de um c\u00e3o de faro da GCM com o intuito de localizar e prender criminosos, coibir o tr\u00e1fico de drogas e promover o aumento da seguran\u00e7a na regi\u00e3o a e consequente redu\u00e7\u00e3o de indicadores criminais.<br \/>\nA opera\u00e7\u00e3o integrada averiguou 145 pessoas, 86 motocicletas e 16 carros. Houve ainda a elabora\u00e7\u00e3o de 18 autos de infra\u00e7\u00e3o de tr\u00e2nsito.<\/p>\n","protected":false},"excerpt":{"rendered":"<p>A Guarda Civil Municipal (GCM) de Guarulhos, a Pol\u00edcia Militar e a Pol\u00edcia Civil realizaram nesta quarta-feira (19) uma opera\u00e7\u00e3o integrada na Vila Galv\u00e3o e na Vila Rio\u00a0de Janeiro, sendo que neste \u00faltimo bairro duas pessoas foram presas em flagrante e encaminhadas ao 1\u00ba Distrito Policial (DP). O primeiro caso ocorreu na rua Elvira, onde [&hellip;]<\/p>\n","protected":false},"author":1,"featured_media":8399,"comment_status":"open","ping_status":"open","sticky":false,"template":"","format":"standard","meta":{"footnotes":""},"categories":[3],"tags":[],"class_list":{"0":"post-8398","1":"post","2":"type-post","3":"status-publish","4":"format-standard","5":"has-post-thumbnail","7":"category-guarulhos"},"_links":{"self":[{"href":"https:\/\/jm-metropole.com.br\/site\/wp-json\/wp\/v2\/posts\/8398","targetHints":{"allow":["GET"]}}],"collection":[{"href":"https:\/\/jm-metropole.com.br\/site\/wp-json\/wp\/v2\/posts"}],"about":[{"href":"https:\/\/jm-metropole.com.br\/site\/wp-json\/wp\/v2\/types\/post"}],"author":[{"embeddable":true,"href":"https:\/\/jm-metropole.com.br\/site\/wp-json\/wp\/v2\/users\/1"}],"replies":[{"embeddable":true,"href":"https:\/\/jm-metropole.com.br\/site\/wp-json\/wp\/v2\/comments?post=8398"}],"version-history":[{"count":1,"href":"https:\/\/jm-metropole.com.br\/site\/wp-json\/wp\/v2\/posts\/8398\/revisions"}],"predecessor-version":[{"id":8400,"href":"https:\/\/jm-metropole.com.br\/site\/wp-json\/wp\/v2\/posts\/8398\/revisions\/8400"}],"wp:featuredmedia":[{"embeddable":true,"href":"https:\/\/jm-metropole.com.br\/site\/wp-json\/wp\/v2\/media\/8399"}],"wp:attachment":[{"href":"https:\/\/jm-metropole.com.br\/site\/wp-json\/wp\/v2\/media?parent=8398"}],"wp:term":[{"taxonomy":"category","embeddable":true,"href":"https:\/\/jm-metropole.com.br\/site\/wp-json\/wp\/v2\/categories?post=8398"},{"taxonomy":"post_tag","embeddable":true,"href":"https:\/\/jm-metropole.com.br\/site\/wp-json\/wp\/v2\/tags?post=8398"}],"curies":[{"name":"wp","href":"https:\/\/api.w.org\/{rel}","templated":true}]}}