{"id":8394,"date":"2023-04-20T15:07:29","date_gmt":"2023-04-20T18:07:29","guid":{"rendered":"https:\/\/jm-metropole.com.br\/site\/?p=8394"},"modified":"2023-04-20T15:07:29","modified_gmt":"2023-04-20T18:07:29","slug":"ung-entrega-mencao-honrosa-a-comunicadores-de-guarulhos-e-alto-tiete","status":"publish","type":"post","link":"https:\/\/jm-metropole.com.br\/site\/ung-entrega-mencao-honrosa-a-comunicadores-de-guarulhos-e-alto-tiete\/","title":{"rendered":"UNG entrega Men\u00e7\u00e3o Honrosa a comunicadores de Guarulhos e Alto Tiet\u00ea"},"content":{"rendered":"<p>Em sess\u00e3o solene, realizada no \u00faltimo s\u00e1bado (15), a Universidade Guarulhos (UNG) homenageou os profissionais de Comunica\u00e7\u00e3o que atuam na cidade e no Alto Tiet\u00ea com o certificado de men\u00e7\u00e3o honrosa \u201cSociedade, Paz e Educa\u00e7\u00e3o 2022\u201d. Mais de 60 profissionais, entre jornalistas, radialistas, blogueiros, apresentadores de programas no YouTube e assessores de imprensa, participaram do evento no Anfiteatro F da Institui\u00e7\u00e3o.<\/p>\n<p>A mesa de cerim\u00f4nia foi composta pelo reitor da UNG, Yuri Neiman, pelo vice-prefeito e secret\u00e1rio de Cultura de Guarulhos, Jesus Roque de Freitas, o professor Jesus; pelo coordenador dos cursos de Comunica\u00e7\u00e3o Social da UNG e professor, Alex Francisco, pelo diretor de Comunica\u00e7\u00e3o da Prefeitura de Guarulhos, Rodrigo Buffo, e pelo jornalista e membro da Academia Guarulhense de Letras (AGL), Valdir Carleto.<\/p>\n<p>O professor Yuri Neiman destacou a import\u00e2ncia de enaltecer o papel dos comunicadores, que atuam diariamente para levar a verdadeira informa\u00e7\u00e3o \u00e0 sociedade. \u201cUma alegria receber e homenagear nesse evento festivo do Conselho Universit\u00e1rio quem de fato d\u00e1 a voz \u00e0 popula\u00e7\u00e3o. Parab\u00e9ns a todos os profissionais de Guarulhos e do Alto Tiet\u00ea pelo trabalho que fazem, cada qual com seu formato, linguagem, trabalho esse que tem valor imensur\u00e1vel para a comunidade\u201d, ressaltou.<\/p>\n<p>Entre os homenageados, o jornalista Luiz J\u00e1come parabenizou a iniciativa da Institui\u00e7\u00e3o e agradeceu o reconhecimento. \u201cFoi um momento muito especial. Estou honrado pela homenagem prestada por uma institui\u00e7\u00e3o ilibada (UNG) e que tem um papel fundamental para a cidade na forma\u00e7\u00e3o de profissionais tanto na Comunica\u00e7\u00e3o quanto nas demais \u00e1reas. Agrade\u00e7o tamb\u00e9m a todos que em meus anos de trabalho de jornalista na cidade \u2013 desde 1980 \u2013 contribu\u00edram para o meu desenvolvimento profissional e humano\u201d, afirmou.<\/p>\n<p>A sess\u00e3o extraordin\u00e1ria do Conselho Universit\u00e1rio da UNG reconhece a atua\u00e7\u00e3o de profissionais de diversas \u00e1reas que contribuem para o desenvolvimento e assist\u00eancia \u00e0 popula\u00e7\u00e3o na gera\u00e7\u00e3o de emprego e renda, no amparo psicol\u00f3gico\/espiritual, amparo social a grupos vulner\u00e1veis, assist\u00eancia \u00e0 sa\u00fade e \u00e0 seguran\u00e7a p\u00fablica. Os comunicadores foram homenageados pelos relevantes trabalhos desenvolvidos por uma sociedade informada sobre os principais acontecimentos.<\/p>\n","protected":false},"excerpt":{"rendered":"<p>Em sess\u00e3o solene, realizada no \u00faltimo s\u00e1bado (15), a Universidade Guarulhos (UNG) homenageou os profissionais de Comunica\u00e7\u00e3o que atuam na cidade e no Alto Tiet\u00ea com o certificado de men\u00e7\u00e3o honrosa \u201cSociedade, Paz e Educa\u00e7\u00e3o 2022\u201d. Mais de 60 profissionais, entre jornalistas, radialistas, blogueiros, apresentadores de programas no YouTube e assessores de imprensa, participaram do [&hellip;]<\/p>\n","protected":false},"author":1,"featured_media":8395,"comment_status":"open","ping_status":"open","sticky":false,"template":"","format":"standard","meta":{"footnotes":""},"categories":[3],"tags":[],"class_list":{"0":"post-8394","1":"post","2":"type-post","3":"status-publish","4":"format-standard","5":"has-post-thumbnail","7":"category-guarulhos"},"_links":{"self":[{"href":"https:\/\/jm-metropole.com.br\/site\/wp-json\/wp\/v2\/posts\/8394","targetHints":{"allow":["GET"]}}],"collection":[{"href":"https:\/\/jm-metropole.com.br\/site\/wp-json\/wp\/v2\/posts"}],"about":[{"href":"https:\/\/jm-metropole.com.br\/site\/wp-json\/wp\/v2\/types\/post"}],"author":[{"embeddable":true,"href":"https:\/\/jm-metropole.com.br\/site\/wp-json\/wp\/v2\/users\/1"}],"replies":[{"embeddable":true,"href":"https:\/\/jm-metropole.com.br\/site\/wp-json\/wp\/v2\/comments?post=8394"}],"version-history":[{"count":1,"href":"https:\/\/jm-metropole.com.br\/site\/wp-json\/wp\/v2\/posts\/8394\/revisions"}],"predecessor-version":[{"id":8396,"href":"https:\/\/jm-metropole.com.br\/site\/wp-json\/wp\/v2\/posts\/8394\/revisions\/8396"}],"wp:featuredmedia":[{"embeddable":true,"href":"https:\/\/jm-metropole.com.br\/site\/wp-json\/wp\/v2\/media\/8395"}],"wp:attachment":[{"href":"https:\/\/jm-metropole.com.br\/site\/wp-json\/wp\/v2\/media?parent=8394"}],"wp:term":[{"taxonomy":"category","embeddable":true,"href":"https:\/\/jm-metropole.com.br\/site\/wp-json\/wp\/v2\/categories?post=8394"},{"taxonomy":"post_tag","embeddable":true,"href":"https:\/\/jm-metropole.com.br\/site\/wp-json\/wp\/v2\/tags?post=8394"}],"curies":[{"name":"wp","href":"https:\/\/api.w.org\/{rel}","templated":true}]}}